{"id":16694,"date":"2018-06-17T23:04:36","date_gmt":"2018-06-18T03:04:36","guid":{"rendered":"https:\/\/azafranbolivia.com\/?p=16694"},"modified":"2018-06-17T23:04:36","modified_gmt":"2018-06-18T03:04:36","slug":"dtapas-gastro-bar-cumple-un-ano-de-compartir-la-tradicional-comida-espanola-con-el-publico-paceno","status":"publish","type":"post","link":"https:\/\/azafranbolivia.com\/?p=16694","title":{"rendered":"D`Tapas Gastro bar cumple un a\u00f1o de compartir la tradicional comida espa\u00f1ola con el p\u00fablico pace\u00f1o."},"content":{"rendered":"<span class=\"rt-reading-time\" style=\"display: block;\"><span class=\"rt-label rt-prefix\">Tiempo de lectura:<\/span> <span class=\"rt-time\">2<\/span> <span class=\"rt-label rt-postfix\">minutos<\/span><\/span><p>\t\t\t\t<span style=\"font-weight: 400;\">Christian Hidalgo y Ramiro Peredo decidieron hace ya un a\u00f1o emprender un negocio de comida espa\u00f1ola que aporte al crecimiento de la cultura de tapas en nuestra ciudad, as\u00ed como nos cont\u00f3 Ramiro, el chef del lugar \u201cPretendemos lograr que exista una cultura de tapas, un concepto en el que las personas puedan llegar a un ambiente acogedor y degustar una variedad de sabores acompa\u00f1ados de un trago\u201d.<\/span><\/p>\n<blockquote><p><span style=\"font-weight: 400;\"> \u201cPodemos contribuir al crecimiento de la cultura gastron\u00f3mica de La Paz por que al existir opciones de comida internacional, fusi\u00f3n y comida t\u00edpica de Bolivia las personas tienen m\u00e1s alternativas para elegir, y son ellas quienes aceptan los diferentes tipos de cocina \u00a0y est\u00e1n abiertos a probarlas. Esta suma hace que la ciudad tenga el potencial de convertirse en un referente gastron\u00f3mico en la regi\u00f3n\u201d asegura Christian. <\/span><\/p><\/blockquote>\n<p><span style=\"font-weight: 400;\">Para esta nueva etapa, se plantean nuevos retos y proyectos que est\u00e1n a punto de arrancar, como la apertura de una sucursal en la plaza de comidas del Mall Torres del Poeta, donde prometen impactar al p\u00fablico con sus sabores \u00a0en un ambiente relajado. <\/span><\/p>\n<p><span style=\"font-weight: 400;\">Entre otros proyectos puestos en marcha est\u00e1 la presencia de este restaurante en la Semana de la Tapa, un evento organizado por la Embajada de Espa\u00f1a que pretende festejar el d\u00eda internacional de la Tapa con una semana llena de sabores nuevos y deliciosos de la mano de 15 \u00a0restaurantes que brindan esta opci\u00f3n de comida en sus men\u00fas.<\/span><\/p>\n<p><span style=\"font-weight: 400;\">En estos 365 d\u00edas de trabajo, Christian y Ramiro \u00a0festejan los aprendizajes, los retos superados, el buen recibimiento que tuvieron por parte del p\u00fablico, la persistencia y el gran equipo que lograron formar. <\/span><\/p>\n<p><span style=\"font-weight: 400;\">Queremos agradecer\u00e1 los socios por el apoyo, la amistad y por supuesto la invitaci\u00f3n a este gran festejo. Les deseamos muchos a\u00f1os m\u00e1s de \u00e9xitos y retos cumplidos, \u00a1Felicidades!<\/span><\/p>\n<p>[URIS id=16706]\t\t<\/p>\n","protected":false},"excerpt":{"rendered":"<p>Christian Hidalgo y Ramiro Peredo decidieron hace ya un a\u00f1o emprender un negocio de comida espa\u00f1ola que aporte al crecimiento de la cultura de tapas en nuestra ciudad, as\u00ed como nos cont\u00f3 Ramiro, el chef del lugar \u201cPretendemos lograr que exista una cultura de tapas, un concepto en el que las personas puedan llegar a &hellip;<\/p>\n<p class=\"read-more\"> <a class=\"\" href=\"https:\/\/azafranbolivia.com\/?p=16694\"> <span class=\"screen-reader-text\">D`Tapas Gastro bar cumple un a\u00f1o de compartir la tradicional comida espa\u00f1ola con el p\u00fablico pace\u00f1o.<\/span> Read More &raquo;<\/a><\/p>\n","protected":false},"author":2,"featured_media":16704,"comment_status":"open","ping_status":"open","sticky":false,"template":"","format":"standard","meta":{"site-sidebar-layout":"default","site-content-layout":"default","ast-global-header-display":"","ast-main-header-display":"","ast-hfb-above-header-display":"","ast-hfb-below-header-display":"","ast-hfb-mobile-header-display":"","site-post-title":"","ast-breadcrumbs-content":"","ast-featured-img":"","footer-sml-layout":"","theme-transparent-header-meta":"","adv-header-id-meta":"","stick-header-meta":"","header-above-stick-meta":"","header-main-stick-meta":"","header-below-stick-meta":""},"categories":[20],"tags":[12,82,14,51],"amp_enabled":true,"_links":{"self":[{"href":"https:\/\/azafranbolivia.com\/index.php?rest_route=\/wp\/v2\/posts\/16694"}],"collection":[{"href":"https:\/\/azafranbolivia.com\/index.php?rest_route=\/wp\/v2\/posts"}],"about":[{"href":"https:\/\/azafranbolivia.com\/index.php?rest_route=\/wp\/v2\/types\/post"}],"author":[{"embeddable":true,"href":"https:\/\/azafranbolivia.com\/index.php?rest_route=\/wp\/v2\/users\/2"}],"replies":[{"embeddable":true,"href":"https:\/\/azafranbolivia.com\/index.php?rest_route=%2Fwp%2Fv2%2Fcomments&post=16694"}],"version-history":[{"count":0,"href":"https:\/\/azafranbolivia.com\/index.php?rest_route=\/wp\/v2\/posts\/16694\/revisions"}],"wp:featuredmedia":[{"embeddable":true,"href":"https:\/\/azafranbolivia.com\/index.php?rest_route=\/"}],"wp:attachment":[{"href":"https:\/\/azafranbolivia.com\/index.php?rest_route=%2Fwp%2Fv2%2Fmedia&parent=16694"}],"wp:term":[{"taxonomy":"category","embeddable":true,"href":"https:\/\/azafranbolivia.com\/index.php?rest_route=%2Fwp%2Fv2%2Fcategories&post=16694"},{"taxonomy":"post_tag","embeddable":true,"href":"https:\/\/azafranbolivia.com\/index.php?rest_route=%2Fwp%2Fv2%2Ftags&post=16694"}],"curies":[{"name":"wp","href":"https:\/\/api.w.org\/{rel}","templated":true}]}}