{"id":16709,"date":"2018-06-18T13:01:44","date_gmt":"2018-06-18T17:01:44","guid":{"rendered":"https:\/\/azafranbolivia.com\/?p=16709"},"modified":"2018-06-18T13:01:44","modified_gmt":"2018-06-18T17:01:44","slug":"faceta-culinaria-claudia-cardenas","status":"publish","type":"post","link":"https:\/\/azafranbolivia.com\/?p=16709","title":{"rendered":"Faceta Culinaria: Claudia Cardenas"},"content":{"rendered":"<span class=\"rt-reading-time\" style=\"display: block;\"><span class=\"rt-label rt-prefix\">Tiempo de lectura:<\/span> <span class=\"rt-time\">&lt; 1<\/span> <span class=\"rt-label rt-postfix\">minuto<\/span><\/span><blockquote><p>\u201cLa comida puede llenar cualquier vacio que tengas\u201d asegur\u00f3 entre risas.<\/p><\/blockquote>\n<p><img decoding=\"async\" loading=\"lazy\" class=\"alignnone wp-image-16713 size-large\" src=\"https:\/\/azafranbolivia.com\/wp-content\/uploads\/2018\/06\/Popular-cocina-boliviana-1024x683.jpg\" alt=\"\" width=\"1024\" height=\"683\" \/><\/p>\n<p>Emprendedora, divertida, amante de las fiestas y del buen comer, Claudia C\u00e1rdenas nos cuenta c\u00f3mo fue su ni\u00f1ez viajando alrededor de Bolivia y enamor\u00e1ndose de nuestros ingredientes y sabores t\u00edpicos desde que tiene uso de raz\u00f3n.<\/p>\n<p><img decoding=\"async\" loading=\"lazy\" class=\"aligncenter wp-image-16712 size-large\" src=\"https:\/\/azafranbolivia.com\/wp-content\/uploads\/2018\/06\/Claudia-Cardenas-1024x683.jpg\" alt=\"\" width=\"1024\" height=\"683\" \/><\/p>\n<p>Gracias a <a href=\"https:\/\/www.facebook.com\/popularlapazbolivia\/\">Popular Cocina Boliviana<\/a> por recibirnos y por la espectacular comida.<\/p>\n<div class=\"ast-oembed-container\" style=\"height: 100%;\"><iframe loading=\"lazy\" title=\"Faceta Culinaria \/ Claudia Cardenas\" width=\"500\" height=\"281\" src=\"https:\/\/www.youtube.com\/embed\/M0xUEd5351s?feature=oembed\" frameborder=\"0\" allow=\"accelerometer; autoplay; clipboard-write; encrypted-media; gyroscope; picture-in-picture\" allowfullscreen><\/iframe><\/div>\n","protected":false},"excerpt":{"rendered":"<p>\u201cLa comida puede llenar cualquier vacio que tengas\u201d asegur\u00f3 entre risas. Emprendedora, divertida, amante de las fiestas y del buen comer, Claudia C\u00e1rdenas nos cuenta c\u00f3mo fue su ni\u00f1ez viajando alrededor de Bolivia y enamor\u00e1ndose de nuestros ingredientes y sabores t\u00edpicos desde que tiene uso de raz\u00f3n. Gracias a Popular Cocina Boliviana por recibirnos y &hellip;<\/p>\n<p class=\"read-more\"> <a class=\"\" href=\"https:\/\/azafranbolivia.com\/?p=16709\"> <span class=\"screen-reader-text\">Faceta Culinaria: Claudia Cardenas<\/span> Read More &raquo;<\/a><\/p>\n","protected":false},"author":2,"featured_media":16711,"comment_status":"open","ping_status":"open","sticky":false,"template":"","format":"standard","meta":{"site-sidebar-layout":"default","site-content-layout":"default","ast-global-header-display":"","ast-main-header-display":"","ast-hfb-above-header-display":"","ast-hfb-below-header-display":"","ast-hfb-mobile-header-display":"","site-post-title":"","ast-breadcrumbs-content":"","ast-featured-img":"","footer-sml-layout":"","theme-transparent-header-meta":"","adv-header-id-meta":"","stick-header-meta":"","header-above-stick-meta":"","header-main-stick-meta":"","header-below-stick-meta":""},"categories":[49],"tags":[12,82,14,102,103],"amp_enabled":true,"_links":{"self":[{"href":"https:\/\/azafranbolivia.com\/index.php?rest_route=\/wp\/v2\/posts\/16709"}],"collection":[{"href":"https:\/\/azafranbolivia.com\/index.php?rest_route=\/wp\/v2\/posts"}],"about":[{"href":"https:\/\/azafranbolivia.com\/index.php?rest_route=\/wp\/v2\/types\/post"}],"author":[{"embeddable":true,"href":"https:\/\/azafranbolivia.com\/index.php?rest_route=\/wp\/v2\/users\/2"}],"replies":[{"embeddable":true,"href":"https:\/\/azafranbolivia.com\/index.php?rest_route=%2Fwp%2Fv2%2Fcomments&post=16709"}],"version-history":[{"count":0,"href":"https:\/\/azafranbolivia.com\/index.php?rest_route=\/wp\/v2\/posts\/16709\/revisions"}],"wp:featuredmedia":[{"embeddable":true,"href":"https:\/\/azafranbolivia.com\/index.php?rest_route=\/"}],"wp:attachment":[{"href":"https:\/\/azafranbolivia.com\/index.php?rest_route=%2Fwp%2Fv2%2Fmedia&parent=16709"}],"wp:term":[{"taxonomy":"category","embeddable":true,"href":"https:\/\/azafranbolivia.com\/index.php?rest_route=%2Fwp%2Fv2%2Fcategories&post=16709"},{"taxonomy":"post_tag","embeddable":true,"href":"https:\/\/azafranbolivia.com\/index.php?rest_route=%2Fwp%2Fv2%2Ftags&post=16709"}],"curies":[{"name":"wp","href":"https:\/\/api.w.org\/{rel}","templated":true}]}}