{"id":20120,"date":"2019-12-10T15:54:15","date_gmt":"2019-12-10T19:54:15","guid":{"rendered":"https:\/\/azafranbolivia.com\/?p=20120"},"modified":"2019-12-10T15:54:15","modified_gmt":"2019-12-10T19:54:15","slug":"una-ley-para-cuidar-el-cacao-boliviano","status":"publish","type":"post","link":"https:\/\/azafranbolivia.com\/?p=20120","title":{"rendered":"Una ley para cuidar el cacao boliviano"},"content":{"rendered":"<span class=\"rt-reading-time\" style=\"display: block;\"><span class=\"rt-label rt-prefix\">Tiempo de lectura:<\/span> <span class=\"rt-time\">1<\/span> <span class=\"rt-label rt-postfix\">minuto<\/span><\/span>\n<p>La Ley Departamental N\u00ba 88 del Cacao Nativo Amaz\u00f3nico del Beni fue promulgada con el objetivo de favorecer a la producci\u00f3n sostenible y la protecci\u00f3n del grano.<\/p>\n\n\n\n<p>Su prop\u00f3sito principal es el de mejorar los ingresos econ\u00f3micos de los productores y garantizar las condiciones agroecol\u00f3gicas en la producci\u00f3n, reproducci\u00f3n y ampliaci\u00f3n de los cultivos de caco.  Esta es una de las econom\u00edas en las que se apoyan muchas familias que viven en el \u00e1rea rural del Beni.<\/p>\n\n\n\n<p>La ley plantea el desarrollo de capacidades empresariales. Esta normativa es incluyente para las familias ind\u00edgena originaria campesinas y para los productores privados. Todos se unen para mejorar la producci\u00f3n y el aprovechamiento del cacao en el departamento del Beni<\/p>\n\n\n\n<figure class=\"wp-block-image size-large\"><img decoding=\"async\" src=\"https:\/\/i0.wp.com\/azafranbolivia.com\/wp-content\/uploads\/2019\/12\/cacaao.jpg?fit=1024%2C683&amp;ssl=1\" alt=\"\" class=\"wp-image-20123\"\/><\/figure>\n\n\n\n<p>El cultivo del cacao es una inversi\u00f3n de largo plazo, tanto por el primer retorno, como por su ciclo biol\u00f3gico. Las investigaciones se\u00f1alan que el ciclo de vida biol\u00f3gica del cacao es de m\u00e1s de cien a\u00f1os, pero su vida econ\u00f3mica es alrededor de 20 a\u00f1os.<\/p>\n\n\n\n<p>Cabe recalcar que la nueva ley abre un nuevo horizonte para efectivizar el desarrollo sostenible del sector cacaotero en el departamento del Beni con el apoyo de las instancias p\u00fablicas y privadas. Y as\u00ed los programas y proyectos de inversi\u00f3n en el sector cacaotero tendr\u00e1n un desempe\u00f1o financiero de largo aliento, traducido en generaci\u00f3n de empleo propio, reducci\u00f3n de la migraci\u00f3n y mejora de la calidad de vida de la poblaci\u00f3n.<\/p>\n\n\n\n<p>Puedes encontrar la ley completa <a href=\"http:\/\/asambleabeni.gob.bo\/accionlegislativa\/leyes\/999-ley-departamental-del-cacao-nativo-amazonico-del-beni-sancionada-el-29-de-marzo-de-2019\">aqu\u00ed<\/a>.<\/p>\n","protected":false},"excerpt":{"rendered":"<p>La Ley Departamental N\u00ba 88 del Cacao Nativo Amaz\u00f3nico del Beni fue promulgada con el objetivo de favorecer a la producci\u00f3n sostenible y la protecci\u00f3n del grano. Su prop\u00f3sito principal es el de mejorar los ingresos econ\u00f3micos de los productores y garantizar las condiciones agroecol\u00f3gicas en la producci\u00f3n, reproducci\u00f3n y ampliaci\u00f3n de los cultivos de &hellip;<\/p>\n<p class=\"read-more\"> <a class=\"\" href=\"https:\/\/azafranbolivia.com\/?p=20120\"> <span class=\"screen-reader-text\">Una ley para cuidar el cacao boliviano<\/span> Read More &raquo;<\/a><\/p>\n","protected":false},"author":2,"featured_media":20121,"comment_status":"open","ping_status":"open","sticky":false,"template":"","format":"standard","meta":{"site-sidebar-layout":"default","site-content-layout":"default","ast-global-header-display":"","ast-main-header-display":"","ast-hfb-above-header-display":"","ast-hfb-below-header-display":"","ast-hfb-mobile-header-display":"","site-post-title":"","ast-breadcrumbs-content":"","ast-featured-img":"","footer-sml-layout":"","theme-transparent-header-meta":"","adv-header-id-meta":"","stick-header-meta":"","header-above-stick-meta":"","header-main-stick-meta":"","header-below-stick-meta":""},"categories":[10],"tags":[14],"amp_enabled":true,"_links":{"self":[{"href":"https:\/\/azafranbolivia.com\/index.php?rest_route=\/wp\/v2\/posts\/20120"}],"collection":[{"href":"https:\/\/azafranbolivia.com\/index.php?rest_route=\/wp\/v2\/posts"}],"about":[{"href":"https:\/\/azafranbolivia.com\/index.php?rest_route=\/wp\/v2\/types\/post"}],"author":[{"embeddable":true,"href":"https:\/\/azafranbolivia.com\/index.php?rest_route=\/wp\/v2\/users\/2"}],"replies":[{"embeddable":true,"href":"https:\/\/azafranbolivia.com\/index.php?rest_route=%2Fwp%2Fv2%2Fcomments&post=20120"}],"version-history":[{"count":0,"href":"https:\/\/azafranbolivia.com\/index.php?rest_route=\/wp\/v2\/posts\/20120\/revisions"}],"wp:featuredmedia":[{"embeddable":true,"href":"https:\/\/azafranbolivia.com\/index.php?rest_route=\/"}],"wp:attachment":[{"href":"https:\/\/azafranbolivia.com\/index.php?rest_route=%2Fwp%2Fv2%2Fmedia&parent=20120"}],"wp:term":[{"taxonomy":"category","embeddable":true,"href":"https:\/\/azafranbolivia.com\/index.php?rest_route=%2Fwp%2Fv2%2Fcategories&post=20120"},{"taxonomy":"post_tag","embeddable":true,"href":"https:\/\/azafranbolivia.com\/index.php?rest_route=%2Fwp%2Fv2%2Ftags&post=20120"}],"curies":[{"name":"wp","href":"https:\/\/api.w.org\/{rel}","templated":true}]}}