{"id":20997,"date":"2020-04-22T18:30:09","date_gmt":"2020-04-22T22:30:09","guid":{"rendered":"https:\/\/azafranbolivia.com\/?p=20997"},"modified":"2020-04-22T18:30:09","modified_gmt":"2020-04-22T22:30:09","slug":"dia-internacional-de-la-madre-tierra","status":"publish","type":"post","link":"https:\/\/azafranbolivia.com\/?p=20997","title":{"rendered":"22 de abril: D\u00eda Internacional de La Madre Tierra"},"content":{"rendered":"<span class=\"rt-reading-time\" style=\"display: block;\"><span class=\"rt-label rt-prefix\">Tiempo de lectura:<\/span> <span class=\"rt-time\">4<\/span> <span class=\"rt-label rt-postfix\">minutos<\/span><\/span>\n<p>Este 22 de abril se celebra el D\u00eda Internacional de la Madre Tierra, el cual tiene el objetivo de concientizar a la poblaci\u00f3n de los problemas comunes que afectan en torno a la contaminaci\u00f3n, la conservaci\u00f3n de la biodiversidad y otras preocupaciones ambientales para proteger la Tierra. En medio de la crisis del COVID-19, esta celebraci\u00f3n se convierte en un espacio de reflexi\u00f3n y aprendizaje ante la incidencia del calentamiento global y su car\u00e1cter perdurable para el mundo en general.<\/p>\n\n\n\n<p>Recientemente, el Secretario General de la ONU, Antonio Guterres, destac\u00f3 durante el \u00faltimo informe publicado por la Organizaci\u00f3n Meteorol\u00f3gico Mundial que a pesar de que en este momento existe una preocupaci\u00f3n mundial por el coronavirus, los esfuerzos en la lucha contra el cambio clim\u00e1tico no pueden reducirse y requiere de acci\u00f3n continua.<\/p>\n\n\n\n<p>A lo largo de la historia de este D\u00eda Internacional de la Madre Tierra, se han llevado a cabo actuaciones muy importantes a nivel mundial, algunas de las cu\u00e1les merecen ser mencionadas. En concreto, en el 20 Aniversario de la celebraci\u00f3n en 1990:<\/p>\n\n\n\n<ul><li>En Asia, alpinistas chinos, sovi\u00e9ticos y estadounidenses formaron un equipo para recolectar basura dejada en el Monte Everest por anteriores expediciones, reuniendo m\u00e1s de dos toneladas.<\/li><li>En Francia, los participantes formaron una cadena humana a lo largo del R\u00edo Loira, alcanzando unos 800 km de longitud, con el prop\u00f3sito de honrar uno de los \u00faltimos r\u00edos limpios de Europa.<\/li><li>Unas cinco mil personas en Italia bloquearon carreteras, como protesta por la contaminaci\u00f3n producida por los autom\u00f3viles.<\/li><li>En Hait\u00ed se declar\u00f3 oficialmente al D\u00eda de la Tierra como un festivo nacional.<\/li><li>Alrededor de 10.000 estudiantes participaron en una campa\u00f1a de limpieza en Jordania.<\/li><li>Cerca de 35.000 ambientalistas japoneses se reunieron en la Isla de los Sue\u00f1os, (una isla artificial, ubicada en la Bah\u00eda de Tokio, construida con basura) con el prop\u00f3sito de establecer un centro de reciclaje temporal.<\/li><\/ul>\n\n\n\n<h3 class=\"wp-block-heading\"><strong>Chatbot &#8220;Act\u00faa ahora&#8221;<\/strong><\/h3>\n\n\n\n<p>El cambio clim\u00e1tico exige que tomemos medidas urgentes, coordinadas y coherentes. &#8220;Act\u00faa ahora&#8221; se sirve de herramientas de inteligencia artificial (IA) para promover el cambio de comportamientos. El chatbot &#8220;Act\u00faa ahora&#8221; sugiere acciones que podemos incorporar a nuestro d\u00eda a d\u00eda para reducir nuestra huella de carbono, como viajar de manera m\u00e1s sostenible, ahorrar energ\u00eda o comer menos carne.&nbsp;<\/p>\n\n\n\n<p>Al registrar y compartir tus acciones, enviar\u00e1s el mensaje de que las personas como t\u00fa apoyan la acci\u00f3n clim\u00e1tica y est\u00e1n dispuestas a participar. La campa\u00f1a resalta los efectos positivos de la acci\u00f3n colectiva en este momento cr\u00edtico de la historia del planeta. Cuanta m\u00e1s gente participe, mayor ser\u00e1 el impacto.<\/p>\n\n\n\n<h3 class=\"wp-block-heading\"><strong>Acciones individuales<\/strong><\/h3>\n\n\n\n<p>La campa\u00f1a clim\u00e1tica &#8220;Act\u00faa ahora&#8221; de las Naciones Unidas trata de promover las acciones individuales contra el problema m\u00e1s decisivo de nuestra era. Puede participar gente de todo el mundo con el objetivo de marcar la diferencia en todos los aspectos de sus vidas, desde los alimentos que comen hasta la ropa que se ponen. Este a\u00f1o se centran en dos minicampa\u00f1as relacionadas con la comida y la moda.<\/p>\n\n\n\n<h3 class=\"wp-block-heading\"><strong>Comida<\/strong><\/h3>\n\n\n\n<p>Lo que comemos influye considerablemente en el cambio clim\u00e1tico. La destrucci\u00f3n de selvas tropicales para convertirlas en terrenos cultivables, junto con la creciente demanda de carne, est\u00e1n provocando un gran aumento de las emisiones de gases de efecto invernadero, responsables de graves estragos en el clima y la seguridad alimentaria mundial. Adem\u00e1s, se desperdicia en torno a un tercio de los alimentos que se producen.<\/p>\n\n\n\n<p>No obstante, est\u00e1 aumentando el n\u00famero de personas que se fija en lo que come y en el impacto de su dieta sobre su salud y el medio ambiente. Cada vez m\u00e1s cocineros y proveedores de alimentos se centran en productos locales y biol\u00f3gicos, a la vez que dejan de servir platos con mucha carne y comida r\u00e1pida. Esta tendencia tambi\u00e9n se observa en el n\u00famero creciente de particulares que est\u00e1n cambiando el modo en que cocinan y comen.<\/p>\n\n\n\n<p>El objetivo de la campa\u00f1a &#8220;Act\u00faa ahora&#8221; de la ONU es animar a todav\u00eda m\u00e1s personas a disfrutar de alimentos sostenibles, respetuosos con el medio ambiente y deliciosos. La campa\u00f1a ha invitado a ciudadanos y ciudadanas de todo el mundo a contribuir personalmente al consumo de alimentos sostenibles.&nbsp;<\/p>\n\n\n\n<p><strong>El reto:<\/strong> cocinar platos que no solamente sean deliciosos, sino tambi\u00e9n buenos para el planeta y para nosotros mismos, con menos carne y m\u00e1s variedad de ingredientes vegetarianos. Algunos destacados cocineros est\u00e1n liderando el reto y nos inspirar\u00e1n con sus propias creaciones, que puedes ver en <a href=\"https:\/\/www.un.org\/sustainabledevelopment\/actnow-food-challenge\/\" class=\"rank-math-link\">esta p\u00e1gina<\/a>, poniendo en marcha una ola mundial de creatividad culinaria a medida que la gente comparta sus fotos y recetas favoritas.\u00a0<\/p>\n\n\n\n<p>Ayudar en esta ocasi\u00f3n es m\u00e1s f\u00e1cil de lo que crees, recuerda que, en La Constituci\u00f3n Pol\u00edtica del Estado, uno de los derechos m\u00e1s importantes de la Madre Tierra es el de la vida: \u201cEs el derecho al mantenimiento de la integridad de los sistemas de vida y los procesos naturales que los sustentan, as\u00ed como las capacidades y condiciones para su regeneraci\u00f3n\u201d.<\/p>\n\n\n\n<blockquote class=\"wp-block-quote\"><p>As\u00ed mismo, al equilibrio: \u201cEs el derecho al mantenimiento o restauraci\u00f3n de la interrelaci\u00f3n, interdependencia, complementariedad y funcionalidad de los componentes de la Madre Tierra, de forma equilibrada para la continuaci\u00f3n de sus ciclos y la reproducci\u00f3n de sus procesos vitales\u201d.<\/p><\/blockquote>\n\n\n\n<p>Por otro lado, es fundamental resaltar que los deberes que tenemos como sociedad estipulan \u201cpromover la armon\u00eda en la Madre Tierra en todos los \u00e1mbitos de su relacionamiento con el resto de las comunidades humanas y el resto de la naturaleza en los sistemas de vida\u201d y participar de forma activa, personal o colectivamente, en la generaci\u00f3n de propuestas orientadas al respeto y la defensa de los derechos de la Madre Tierra.<\/p>\n\n\n\n<blockquote class=\"wp-block-quote\"><p>No lo pienses m\u00e1s, la Madre Tierra siempre nos da, alimentos, salud y esencialmente la vida, \u00bfpor qu\u00e9 no devolverle un poco de tanto alguna vez? No cuesta nada m\u00e1s que voluntad.\u00a0<\/p><\/blockquote>\n\n\n\n<p><\/p>\n","protected":false},"excerpt":{"rendered":"<p>Este 22 de abril se celebra el D\u00eda Internacional de la Madre Tierra, el cual tiene el objetivo de concientizar a la poblaci\u00f3n de los problemas comunes que afectan en torno a la contaminaci\u00f3n, la conservaci\u00f3n de la biodiversidad y otras preocupaciones ambientales para proteger la Tierra. En medio de la crisis del COVID-19, esta celebraci\u00f3n se convierte en un espacio de reflexi\u00f3n y aprendizaje ante la incidencia del calentamiento global y su car\u00e1cter perdurable para el mundo en general.<\/p>\n","protected":false},"author":3,"featured_media":20998,"comment_status":"open","ping_status":"open","sticky":false,"template":"","format":"standard","meta":{"site-sidebar-layout":"default","site-content-layout":"default","ast-global-header-display":"","ast-main-header-display":"","ast-hfb-above-header-display":"","ast-hfb-below-header-display":"","ast-hfb-mobile-header-display":"","site-post-title":"","ast-breadcrumbs-content":"","ast-featured-img":"","footer-sml-layout":"","theme-transparent-header-meta":"","adv-header-id-meta":"","stick-header-meta":"","header-above-stick-meta":"","header-main-stick-meta":"","header-below-stick-meta":""},"categories":[9],"tags":[496,497,14,498],"amp_enabled":true,"_links":{"self":[{"href":"https:\/\/azafranbolivia.com\/index.php?rest_route=\/wp\/v2\/posts\/20997"}],"collection":[{"href":"https:\/\/azafranbolivia.com\/index.php?rest_route=\/wp\/v2\/posts"}],"about":[{"href":"https:\/\/azafranbolivia.com\/index.php?rest_route=\/wp\/v2\/types\/post"}],"author":[{"embeddable":true,"href":"https:\/\/azafranbolivia.com\/index.php?rest_route=\/wp\/v2\/users\/3"}],"replies":[{"embeddable":true,"href":"https:\/\/azafranbolivia.com\/index.php?rest_route=%2Fwp%2Fv2%2Fcomments&post=20997"}],"version-history":[{"count":0,"href":"https:\/\/azafranbolivia.com\/index.php?rest_route=\/wp\/v2\/posts\/20997\/revisions"}],"wp:featuredmedia":[{"embeddable":true,"href":"https:\/\/azafranbolivia.com\/index.php?rest_route=\/"}],"wp:attachment":[{"href":"https:\/\/azafranbolivia.com\/index.php?rest_route=%2Fwp%2Fv2%2Fmedia&parent=20997"}],"wp:term":[{"taxonomy":"category","embeddable":true,"href":"https:\/\/azafranbolivia.com\/index.php?rest_route=%2Fwp%2Fv2%2Fcategories&post=20997"},{"taxonomy":"post_tag","embeddable":true,"href":"https:\/\/azafranbolivia.com\/index.php?rest_route=%2Fwp%2Fv2%2Ftags&post=20997"}],"curies":[{"name":"wp","href":"https:\/\/api.w.org\/{rel}","templated":true}]}}