{"id":21103,"date":"2020-05-07T18:16:07","date_gmt":"2020-05-07T22:16:07","guid":{"rendered":"https:\/\/azafranbolivia.com\/?p=21103"},"modified":"2020-05-07T18:16:07","modified_gmt":"2020-05-07T22:16:07","slug":"fantasticas-andinas-historieta","status":"publish","type":"post","link":"https:\/\/azafranbolivia.com\/?p=21103","title":{"rendered":"Quinua, tarwi, ca\u00f1ahua y amaranto: los protagonistas de una nueva historieta"},"content":{"rendered":"<span class=\"rt-reading-time\" style=\"display: block;\"><span class=\"rt-label rt-prefix\">Tiempo de lectura:<\/span> <span class=\"rt-time\">3<\/span> <span class=\"rt-label rt-postfix\">minutos<\/span><\/span>\n<p>Si no has o\u00eddo hablar ya de esta gran campa\u00f1a, d\u00e9janos contarte un poco sobre ella. Las Fant\u00e1sticas Andinas son historietas que tienen a cuatro de los alimentos m\u00e1s nutritivos producidos, como dice su nombre, en Los Andes como protagonistas.<\/p>\n\n\n\n<p>Este proyecto, iniciativa de la Fundaci\u00f3n Hivos con el apoyo de Cosecha Colectiva, el Movimiento de Integraci\u00f3n Gastron\u00f3mico Boliviano (MIGA), la Red de Camotes del Tarwi, la Granja Samiri y diversos productores de quinua y amaranto, representa a poderosos alimentos como la ca\u00f1ahua, el tarwi, el amaranto y la quinua como superh\u00e9roes en una tira de c\u00f3mics que consta de cuatro cap\u00edtulos hasta el momento (cada cap\u00edtulo es publicado en su p\u00e1gina paulatinamente).<\/p>\n\n\n\n<p>El objetivo, seg\u00fan nos cuenta Nicole Szucs, Especialista en Alimentaci\u00f3n de la Fundaci\u00f3n Hivos, es \u201cpromocionar los productos andinos que son nutritivos, resilientes al cambio clim\u00e1tico y superpoderosos que cada vez se consumen menos; la gente los conoce, pero son sobre todo los j\u00f3venes quienes no les prestan atenci\u00f3n\u201d. Por esto, el p\u00fablico al que se desea llegar con m\u00e1s intensidad son personas de 18 a 35 a\u00f1os, tratando de compartir con ellos los beneficios de estos alimentos e incentivar a que los consuman.<\/p>\n\n\n\n<div class=\"wp-block-image\"><figure class=\"aligncenter is-resized\"><img decoding=\"async\" loading=\"lazy\" src=\"https:\/\/scontent.flpb3-1.fna.fbcdn.net\/v\/t1.0-9\/95703467_135535948077023_1577741723491106816_n.jpg?_nc_cat=100&amp;_nc_sid=e007fa&amp;_nc_ohc=zN_gMVGDRawAX99ejxG&amp;_nc_ht=scontent.flpb3-1.fna&amp;oh=9caefc3c06302b1d9e68090000f0d1f8&amp;oe=5EDAEDE0\" alt=\"No hay ninguna descripci\u00f3n de la foto disponible.\" width=\"553\" height=\"748\"\/><\/figure><\/div>\n\n\n\n<p>Szucs afirma la importancia de este segmento, ya que son personas que probablemente ya no tengan a disposici\u00f3n canales de informaci\u00f3n que puedan inculcar estos temas. Incluso, destaca que ellos pueden llegar a ser \u201clos nuevos padres\u201d, quienes, en consecuencia, llegar\u00edan a educar a sus hijos ya conociendo estos beneficios. Por supuesto, tambi\u00e9n alienta a los amantes de los c\u00f3mics a poder entretenerse con el contenido.<\/p>\n\n\n\n<p>Las organizaciones eligieron espec\u00edficamente los productos debido a su procedencia en Los Andes y por las caracter\u00edsticas que los distinguen. \u201cSon nuestros, locales y que se complementan. Podr\u00edamos haber escogido muchos m\u00e1s, pero los escogimos porque son importantes y resilientes al cambio clim\u00e1tico, agreg\u00f3 la especialista.<\/p>\n\n\n\n<p>Adem\u00e1s de valorizar el consumo de estos alimentos, pretenden profundizar en el tema del cambio clim\u00e1tico. \u201cTermotr\u00f3n es un villano que es el cambio clim\u00e1tico, queremos mostrar c\u00f3mo estos h\u00e9roes y hero\u00ednas luchan contra \u00e9l. Estas plantas, por ser nativas, por ser de ac\u00e1, son m\u00e1s resistentes y al mismo tiempo pueden producir mitigaci\u00f3n, que es como reducir este fen\u00f3meno\u201d. \u201cApeticia y los \u201cZ\u00facaros\u201d tambi\u00e9n hacen parte de los villanos en la hstoria<\/p>\n\n\n\n<p>\u201cLos cuatro j\u00f3venes con poderes de alimentos ancestrales elegidos por la Tierra Madre para defendernos y recuperar la paz tienen su propia historia y personalidad. Amaranto es un joven de 20 a\u00f1os, artista y m\u00fasico. Sus poderes f\u00edsicos son &nbsp; velocidad incre\u00edble y poder sobre el agua. Sus debilidades son inmadurez, banalidad y necesidad de atenci\u00f3n. Ca\u00f1ahua es una joven de 20 a\u00f1os, atleta y deportista. Su poder es la fortaleza extrema y su debilidad, que es t\u00edmida, pero con car\u00e1cter impulsivo\u201d, describe el peri\u00f3dico <em>P\u00e1gina Siete.<\/em><\/p>\n\n\n\n<p>\u201cQuinua es una mujer de 30 a\u00f1os y astronauta. Su poder es la teletransportaci\u00f3n y su debilidad, la ambici\u00f3n. Tarwi es un joven de 30 a\u00f1os, m\u00e9dico cient\u00edfico, que tambi\u00e9n maneja la medicina tradicional andina. Sus poderes son la mutaci\u00f3n y transformaci\u00f3n. Su debilidad es que es testarudo\u201d se agrega en la nota.<\/p>\n\n\n\n<div class=\"wp-block-image\"><figure class=\"aligncenter is-resized\"><img decoding=\"async\" loading=\"lazy\" src=\"https:\/\/scontent.flpb3-1.fna.fbcdn.net\/v\/t1.0-9\/94711568_135535771410374_1852728288812728320_n.jpg?_nc_cat=108&amp;_nc_sid=e007fa&amp;_nc_ohc=0oi_gQQDjEQAX9p2_Rj&amp;_nc_ht=scontent.flpb3-1.fna&amp;oh=176b6b21ad20c3d068dbc8931deef5b1&amp;oe=5ED9A0E8\" alt=\"La imagen puede contener: 1 persona, texto que dice &quot;Hivos LAS ANDINAS&quot;\" width=\"340\" height=\"460\"\/><\/figure><\/div>\n\n\n\n<p>Debido a la pandemia por el coronavirus que aqueja al pa\u00eds y al mundo, el lanzamiento de la campa\u00f1a y las publicaciones se realizaron de manera digital. Sin embargo, el objetivo que tiene el movimiento es distribuir las vi\u00f1etas en su formato f\u00edsico.&nbsp;<\/p>\n\n\n\n<p>Por otra parte, como apoyo a la campa\u00f1a, tambi\u00e9n se generaron puntos de intervenci\u00f3n, llamados \u201cPuntos Fant\u00e1sticos\u201d. Estos se encuentran en restaurantes y tiendas que trabajan con estos productos, tambi\u00e9n mercados o \u201ccaseritas\u201d donde podemos encontrarlos a la venta como soluci\u00f3n al problema que muchas personas tienen de no saber en qu\u00e9 lugar conseguirlos.&nbsp;<\/p>\n\n\n\n<p>El proyecto pretende realizar un mapeo para que los alimentos sean de f\u00e1cil acceso. Adem\u00e1s, se quieren incluir intervenciones callejeras, la idea que manejan es que la campa\u00f1a no sea digital en su totalidad.<\/p>\n\n\n\n<p>A su vez, los organizadores tambi\u00e9n se encuentran compartiendo preguntas, recetas y publicaciones para que el espectador conozca y se pueda interiorizar con las plantas seleccionadas. No obstante, su deseo es poder sumar a este proyecto a m\u00e1s productores y gastr\u00f3nomos para que igualmente est\u00e9n involucrados compartiendo sus saberes.<\/p>\n\n\n\n<figure class=\"wp-block-embed-facebook aligncenter wp-block-embed is-type-video is-provider-facebook\"><div class=\"wp-block-embed__wrapper\">\nhttps:\/\/www.facebook.com\/lasfantasticasandinas\/videos\/337583093869650\/\n<\/div><\/figure>\n\n\n\n<p>Desde luego, en las \u00faltimas semanas la campa\u00f1a ha tenido un recibimiento muy bueno por parte del p\u00fablico. Por nuestra parte, te animamos a que tambi\u00e9n le puedas hechar un ojo, las historietas son muy interesantes y estamos seguros de que como a nosotros, te dar\u00e1n muchas ganas de consumir estos alimentos tan beneficiosos y sobre todo, parte de nuestra identidad.&nbsp;<\/p>\n\n\n\n<p>Te dejamos este <a href=\"https:\/\/www.facebook.com\/lasfantasticasandinas\/?__tn__=%2CdkC-R&amp;eid=ARBMlQ0yl2DxKiG2XUqvsu4oTKYCEIxoiSz3f5z_Y2zcnnMrn6FDx_bdfh4QjNStfMJeH4nl3ITxn_JM&amp;hc_ref=ARQz18yTilVF5Ky0695SOHthGyBXa-EC8pbG9i0hHzUSZmMHmKEze8Azxvl_gcd3oA4\" class=\"rank-math-link\">link<\/a> que te llevar\u00e1 directo a su p\u00e1gina principal,\u00a0<\/p>\n\n\n\n<p>\u00a1Cu\u00e9ntanos qu\u00e9 te pareci\u00f3 la campa\u00f1a!<\/p>\n","protected":false},"excerpt":{"rendered":"<p>Si no has o\u00eddo hablar ya de esta gran campa\u00f1a, d\u00e9janos contarte un poco sobre ella. Las Fant\u00e1sticas Andinas son historietas que tienen a cuatro de los alimentos m\u00e1s nutritivos producidos, como dice su nombre, en Los Andes como protagonistas.<\/p>\n","protected":false},"author":3,"featured_media":21104,"comment_status":"open","ping_status":"open","sticky":false,"template":"","format":"standard","meta":{"site-sidebar-layout":"default","site-content-layout":"default","ast-global-header-display":"","ast-main-header-display":"","ast-hfb-above-header-display":"","ast-hfb-below-header-display":"","ast-hfb-mobile-header-display":"","site-post-title":"","ast-breadcrumbs-content":"","ast-featured-img":"","footer-sml-layout":"","theme-transparent-header-meta":"","adv-header-id-meta":"","stick-header-meta":"","header-above-stick-meta":"","header-main-stick-meta":"","header-below-stick-meta":""},"categories":[197,9],"tags":[520,14,521],"amp_enabled":true,"_links":{"self":[{"href":"https:\/\/azafranbolivia.com\/index.php?rest_route=\/wp\/v2\/posts\/21103"}],"collection":[{"href":"https:\/\/azafranbolivia.com\/index.php?rest_route=\/wp\/v2\/posts"}],"about":[{"href":"https:\/\/azafranbolivia.com\/index.php?rest_route=\/wp\/v2\/types\/post"}],"author":[{"embeddable":true,"href":"https:\/\/azafranbolivia.com\/index.php?rest_route=\/wp\/v2\/users\/3"}],"replies":[{"embeddable":true,"href":"https:\/\/azafranbolivia.com\/index.php?rest_route=%2Fwp%2Fv2%2Fcomments&post=21103"}],"version-history":[{"count":0,"href":"https:\/\/azafranbolivia.com\/index.php?rest_route=\/wp\/v2\/posts\/21103\/revisions"}],"wp:featuredmedia":[{"embeddable":true,"href":"https:\/\/azafranbolivia.com\/index.php?rest_route=\/"}],"wp:attachment":[{"href":"https:\/\/azafranbolivia.com\/index.php?rest_route=%2Fwp%2Fv2%2Fmedia&parent=21103"}],"wp:term":[{"taxonomy":"category","embeddable":true,"href":"https:\/\/azafranbolivia.com\/index.php?rest_route=%2Fwp%2Fv2%2Fcategories&post=21103"},{"taxonomy":"post_tag","embeddable":true,"href":"https:\/\/azafranbolivia.com\/index.php?rest_route=%2Fwp%2Fv2%2Ftags&post=21103"}],"curies":[{"name":"wp","href":"https:\/\/api.w.org\/{rel}","templated":true}]}}