{"id":23799,"date":"2020-11-05T19:00:13","date_gmt":"2020-11-05T23:00:13","guid":{"rendered":"https:\/\/azafranbolivia.com\/?p=23799"},"modified":"2020-11-05T19:00:13","modified_gmt":"2020-11-05T23:00:13","slug":"cafeterias-especialidad-la-paz","status":"publish","type":"post","link":"https:\/\/azafranbolivia.com\/?p=23799","title":{"rendered":"Las 3 cafeter\u00edas de especialidad preferidas por el p\u00fablico pace\u00f1o (Azafr\u00e1n de Oro)"},"content":{"rendered":"<span class=\"rt-reading-time\" style=\"display: block;\"><span class=\"rt-label rt-prefix\">Tiempo de lectura:<\/span> <span class=\"rt-time\">8<\/span> <span class=\"rt-label rt-postfix\">minutos<\/span><\/span>\n<p class=\"has-text-align-justify\">Hace algunos meses te pedimos que votaras por tu cafeter\u00eda de especialidad favorita en La Paz y ya tenemos a las tres preferidas por el p\u00fablico: <strong>Cafe\u00edna, Roaster y Typica, <\/strong>negocios incre\u00edbles y sobre todo, llenos de caf\u00e9 boliviano. En esta ocasi\u00f3n nos encontramos enfrentando la reapertura de diversos locales gastron\u00f3micos luego de muchos meses de cuarentena como prevenci\u00f3n de la propagaci\u00f3n del coronavirus y ellos no fueron la excepci\u00f3n.<\/p>\n\n\n\n<p>Conoce un poco m\u00e1s sobre estos lugares y su recorrido estos \u00faltimos meses.<\/p>\n\n\n\n<h2 class=\"wp-block-heading\">3. <strong>Typica<\/strong><\/h2>\n\n\n\n<div class=\"wp-block-image\"><figure class=\"aligncenter size-large is-resized\"><img decoding=\"async\" loading=\"lazy\" src=\"https:\/\/azafranbolivia.com\/wp-content\/uploads\/2020\/11\/DSC_1983-1024x683.jpg\" alt=\"\" class=\"wp-image-23803\" width=\"745\" height=\"496\"\/><\/figure><\/div>\n\n\n\n<p class=\"has-text-align-justify\">En nuestra visita a este lugar con toques tan tradicionales, pudimos conversar con Fabio Arandia y Agris Zogota, dos de los varios socios de Typica que ahora se dedican a hacer de todo en su negocio.&nbsp;<\/p>\n\n\n\n<p class=\"has-text-align-justify\">La pandemia ha cambiado la perspectiva de muchas personas, incluidos estos dos amigos, quienes se sienten felices de retomar sus actividades con un poco m\u00e1s de regularidad despu\u00e9s del tiempo tan ca\u00f3tico que sufri\u00f3 nuestro pa\u00eds, primero con los conflictos suscitados en octubre del pasado a\u00f1o y ahora con la lucha por cuidar a las personas del letal coronavirus.<\/p>\n\n\n\n<p class=\"has-text-align-justify\">\u201cLo de octubre, noviembre y diciembre a comparaci\u00f3n de lo que ha ocurrido este a\u00f1o se qued\u00f3 corto. (El a\u00f1o pasado) por lo menos cerramos un mes entero entre las semanas que no pudimos abrir, pero gracias a Dios volvimos a levantarnos a mediados de diciembre, enero muy bien, febrero tambi\u00e9n y ya nos toc\u00f3 lo que pas\u00f3, que definitivamente es algo que nadie sab\u00eda c\u00f3mo manejar, no era comparable con otro tipo de crisis\u201d, comenta Fabio.&nbsp;<\/p>\n\n\n\n<p class=\"has-text-align-justify\">Sin embargo, los socios crearon diversas estrategias para no dejarse caer. \u201cLo bueno es que ha sido un tiempo de innovaci\u00f3n, nos ha obligado a presionar nuestros proyectos, por ejemplo, desarrollar una p\u00e1gina web, hicimos m\u00e1s promociones, interacci\u00f3n como eventos y cursos, ediciones limitadas de caf\u00e9\u201d, a\u00f1adi\u00f3 Agris.&nbsp;<\/p>\n\n\n\n<div class=\"wp-block-image\"><figure class=\"aligncenter size-large is-resized\"><img decoding=\"async\" loading=\"lazy\" src=\"https:\/\/azafranbolivia.com\/wp-content\/uploads\/2020\/11\/DSC_1970-1024x683.jpg\" alt=\"\" class=\"wp-image-23804\" width=\"669\" height=\"446\"\/><\/figure><\/div>\n\n\n\n<p class=\"has-text-align-justify\">Con mucho optimismo, adem\u00e1s, terminaron considerando que en esta \u00e9poca en la que todo se paraliz\u00f3, pudieron reinventar Typica, implementado el delivery de sus productos, el take away, semanas m\u00e1s tarde y ahora acomod\u00e1ndose a las normas de bioseguridad para recibir como siempre a sus fieles comensales. Este \u00faltimo tambi\u00e9n fue un punto que los afect\u00f3, pues si ya has visitado el lugar, sabr\u00e1s que la calidez y la atenci\u00f3n personalizada son distintivas del mismo, algo dif\u00edcil de expresar en tiempos de pandemia.&nbsp;<\/p>\n\n\n\n<p>Pero, debemos destacar que estas caracter\u00edsticas siguieron presentes, aunque fuera de lejos.&nbsp;<\/p>\n\n\n\n<p class=\"has-text-align-justify\">Con su trabajo, Typica ha demostrado ser una de las cafeter\u00edas de especialidad que enorgullecen a nuestro pa\u00eds. \u201cNuestro objetivo siempre ha sido servir buen caf\u00e9, promocionar caf\u00e9 boliviano y que la gente tenga un lugar al que pueda llamar segunda casa, que no importa de donde vengas o lo que sepas, puedes disfrutar del tiempo y de un buen caf\u00e9\u201d, expresa Agris.&nbsp;<\/p>\n\n\n\n<div class=\"wp-block-image\"><figure class=\"aligncenter size-large is-resized\"><img decoding=\"async\" loading=\"lazy\" src=\"https:\/\/azafranbolivia.com\/wp-content\/uploads\/2020\/11\/DSC_1943-1024x683.jpg\" alt=\"\" class=\"wp-image-23802\" width=\"757\" height=\"504\"\/><figcaption>Fabio Arandia y Agris Zogota<\/figcaption><\/figure><\/div>\n\n\n\n<p>Y los socios, al sentirse felices por el reconocimiento y las ganas que se notan en los comensales por volver a pasar cualquier hora del d\u00eda con un buen caf\u00e9, admitieron que la clave de su \u00e9xito es trabajar con pasi\u00f3n e inter\u00e9s brindando mucho m\u00e1s que un buen servicio.&nbsp;<\/p>\n\n\n\n<p class=\"has-text-align-justify\">\u201cDespu\u00e9s de lo que ha pasado, vengan tanques y ametralladoras sacamos nuestra m\u00e1quina a la calle y nosotros seguimos vendiendo caf\u00e9, aunque no sea muy f\u00e1cil\u201d a\u00f1adi\u00f3 Fabio.&nbsp;<\/p>\n\n\n\n<p class=\"has-text-align-justify\">Ahora, te esperan con las puertas totalmente abiertas con todos los protocolos de bioseguridad establecidos para que vuelvas a degustar un caf\u00e9 excepcional o en todo caso, lo conozcas y te enamores como muchos.<\/p>\n\n\n\n<blockquote class=\"wp-block-quote\"><p>\u201cAl final, mira si quieren que pase m\u00e1s r\u00e1pido toda esta pandemia hay que tomar mucho caf\u00e9, porque ah\u00ed est\u00e1s acelerado y pasa r\u00e1pido\u201d, concluy\u00f3 Agris.<\/p><\/blockquote>\n\n\n\n<p class=\"has-text-align-justify\">Si quieres probar todo el caf\u00e9 que tienen para ofrecerte no olvides pasar por las diferentes sucursales en San Miguel: C. Enrique Pe\u00f1aranda B. L-35 #1075 y Sopocachi: Av. 6 de Agosto, entre Pedro Salazar y Pinilla #2584<\/p>\n\n\n\n<p>Y si no est\u00e1s en La Paz, debes saber que tambie\u00b4n cuentan con sucursales en Oruro, Cochabamba y Santa Cruz.<\/p>\n\n\n\n<p>Te dejamos n\u00fameros de contacto por las dudas: 22795764 &#8211; 76771790 &#8211; 70186351 &#8211; 76771792&nbsp;<\/p>\n\n\n\n<p>Y sus p\u00e1ginas en <a href=\"https:\/\/www.facebook.com\/typica.cafe\/\" class=\"rank-math-link\">Facebook <\/a>e <a href=\"https:\/\/www.instagram.com\/typica.cafe\/\" class=\"rank-math-link\">Instagram <\/a>por si tienes alguna pregunta.<\/p>\n\n\n\n<h2 class=\"wp-block-heading\">2. <strong>Roaster<\/strong><\/h2>\n\n\n\n<div class=\"wp-block-image\"><figure class=\"aligncenter size-large is-resized\"><img decoding=\"async\" loading=\"lazy\" src=\"https:\/\/azafranbolivia.com\/wp-content\/uploads\/2020\/11\/DSC_2055-1024x683.jpg\" alt=\"\" class=\"wp-image-23806\" width=\"704\" height=\"469\"\/><\/figure><\/div>\n\n\n\n<p class=\"has-text-align-justify\">Siguiendo con nuestro recorrido, en esta gran cafeter\u00eda nos recibi\u00f3 Mauricio Diez de Medina el gerente general, quien nos cont\u00f3 sobre el proceso que ha llevado Roaster en estos \u00faltimos meses.&nbsp;<\/p>\n\n\n\n<p class=\"has-text-align-justify\">\u201cHa sido un golpe duro, en nuestro caso justo inaugur\u00e1bamos una sucursal en el centro, estuvimos dos meses sin vender nada, pero segu\u00edamos operando. Tuvimos que cerrar porque hab\u00eda violencia, ven\u00edamos ya golpeados, lleg\u00f3 la pandemia y paramos totalmente, pero los gastos segu\u00edan\u201d, coment\u00f3.&nbsp;<\/p>\n\n\n\n<p class=\"has-text-align-justify\">Pese a estos problemas, Roaster no par\u00f3 de trabajar, m\u00e1s bien el equipo que lo conforma se sinti\u00f3 llamado a reinventarse de distintas maneras y a no tirar los mandiles, optando tambi\u00e9n por estrategias como la venta por delivery, m\u00e1s tarde el take away y ofreciendo paquetes de caf\u00e9 para que cada comensal pueda prepararlo en casa, todo con el objetivo de seguir brindando un gran servicio y por supuesto, fuentes de trabajo.<\/p>\n\n\n\n<p class=\"has-text-align-justify\">Adem\u00e1s, el equipo aprovech\u00f3 para capacitarse mucho m\u00e1s y aprender cosas nuevas, mientras que quienes hab\u00edan perdido la costumbre de estar detr\u00e1s de la barra, volvieron a ella. \u201cLa crisis nos ayuda a ser m\u00e1s eficientes, a pelear el mercado, salir de nuestro confort, volver a nuestro origen, en mi caso he vuelto a tostar y hacer barra como cuando empec\u00e9 me ha ayudado a replantear muchas cosas\u201d, admiti\u00f3 Mauricio.<\/p>\n\n\n\n<div class=\"wp-block-image\"><figure class=\"aligncenter size-large is-resized\"><img decoding=\"async\" loading=\"lazy\" src=\"https:\/\/azafranbolivia.com\/wp-content\/uploads\/2020\/11\/DSC_2043-1024x683.jpg\" alt=\"\" class=\"wp-image-23807\" width=\"733\" height=\"488\"\/><\/figure><\/div>\n\n\n\n<p class=\"has-text-align-justify\">Roaster comenz\u00f3 hace m\u00e1s de una d\u00e9cada como una de las primeras cafeter\u00edas de especialidad en Bolivia y Latinoam\u00e9rica, y siguen hasta ahora, con el fin social de transmitir cultura de caf\u00e9 boliviano y conocimientos, adem\u00e1s de servir un producto exquisito.&nbsp;Respecto al reconocimiento de la gente por el Azafr\u00e1n de Oro, el gerente resalt\u00f3 sentirse muy alegre y orgulloso de poder aportar en la industria del caf\u00e9 y ser valorados hasta el d\u00eda de hoy. <\/p>\n\n\n\n<blockquote class=\"wp-block-quote\"><p>\u201cEstamos orgullosos de lo que hacemos porque lo hacemos con mucho sentido\u201d.&nbsp;<\/p><\/blockquote>\n\n\n\n<div class=\"wp-block-image\"><figure class=\"aligncenter size-large is-resized\"><img decoding=\"async\" loading=\"lazy\" src=\"https:\/\/azafranbolivia.com\/wp-content\/uploads\/2020\/11\/DSC_2020-1024x683.jpg\" alt=\"\" class=\"wp-image-23808\" width=\"748\" height=\"498\"\/><\/figure><\/div>\n\n\n\n<p>Puedes encontrarlos con las modalidades que ya te mencionamos o pasar a visitarlos en sala, siempre cumpliendo con las medidas de bioseguridad establecidas.<\/p>\n\n\n\n<p class=\"has-text-align-justify\">Te dejamos las direcciones por si quieres visitar alguna de las sucursales: C. Ren\u00e9 Moreno E20, San Miguel y en Sopocachi, Plaza Isabel la Cat\u00f3lica en el Hotel Ritz<\/p>\n\n\n\n<p>Los n\u00fameros de contacto por las dudas: 2147234 &#8211; 2113044<\/p>\n\n\n\n<p>Y sus p\u00e1ginas en <a href=\"https:\/\/www.facebook.com\/roasterspecialtycoffees\/\" class=\"rank-math-link\">Facebook <\/a>e <a href=\"https:\/\/www.instagram.com\/roaster_specialtycoffees\/\" class=\"rank-math-link\">Instagram <\/a>por si tienes alguna pregunta.<\/p>\n\n\n\n<h2 class=\"wp-block-heading\">1. <strong>Cafe\u00edna<\/strong><\/h2>\n\n\n\n<div class=\"wp-block-image\"><figure class=\"aligncenter size-large is-resized\"><img decoding=\"async\" loading=\"lazy\" src=\"https:\/\/azafranbolivia.com\/wp-content\/uploads\/2020\/11\/DSC_2109-683x1024.jpg\" alt=\"\" class=\"wp-image-23809\" width=\"502\" height=\"753\"\/><\/figure><\/div>\n\n\n\n<p class=\"has-text-align-justify\">En nuestra \u00faltima parada tenemos a esta cafeter\u00eda tan singular en colores y sabores que fue la m\u00e1s votada por el p\u00fablico. Nuestra visita fue muy bien recibida por Juan Pablo Paz Benavides, socio mayoritario y creador de Cafe\u00edna y Ana Paola Barreto Baldivieso, la socia m\u00e1s reciente del lugar y una barista no solo apasionada, sino reconocida a nivel internacional.<\/p>\n\n\n\n<p class=\"has-text-align-justify\">Como las anteriores, Cafe\u00edna tambi\u00e9n sufri\u00f3 los efectos de la situaci\u00f3n boliviana de los \u00faltimos meses. \u201cEs un poco triste, porque emprendimos en Santa Cruz y deb\u00edamos abrir en octubre, pero retiramos la apertura hasta diciembre, operamos tres meses y no aguantamos el COVID all\u00e1. Sin embargo, en La Paz, estamos bien consolidados, as\u00ed que hemos podido mantenernos bien a flote.<\/p>\n\n\n\n<p class=\"has-text-align-justify\">Este negocio tampoco desaprovech\u00f3 el tiempo y se puso a trabajar, llevando a cabo nuevas ideas como vender su caf\u00e9 en grano (con versiones en las que puedes conocer c\u00f3mo y d\u00f3nde se ha producido), integrar m\u00e1s m\u00e9todos de destilado que luego se vendieron a la gente que quer\u00eda toma un buen caf\u00e9 y con una gran estrategia por redes sociales: involucrar y ense\u00f1ar m\u00e1s a la gente sobre el caf\u00e9 con contenidos diferente, para que la gente llegue sabiendo m\u00e1s al d\u00eda de hoy.<\/p>\n\n\n\n<figure class=\"wp-block-gallery aligncenter columns-2 is-cropped wp-block-gallery-1 is-layout-flex\"><ul class=\"blocks-gallery-grid\"><li class=\"blocks-gallery-item\"><figure><img decoding=\"async\" src=\"https:\/\/azafranbolivia.com\/wp-content\/uploads\/2020\/11\/DSC_2134-1024x683.jpg\" alt=\"\" data-id=\"23811\" data-link=\"https:\/\/azafranbolivia.com\/?attachment_id=23811\" class=\"wp-image-23811\"\/><\/figure><\/li><li class=\"blocks-gallery-item\"><figure><img decoding=\"async\" src=\"https:\/\/azafranbolivia.com\/wp-content\/uploads\/2020\/11\/DSC_2119-1024x683.jpg\" alt=\"\" data-id=\"23812\" data-full-url=\"https:\/\/azafranbolivia.com\/wp-content\/uploads\/2020\/11\/DSC_2119.jpg\" data-link=\"https:\/\/azafranbolivia.com\/?attachment_id=23812\" class=\"wp-image-23812\"\/><\/figure><\/li><\/ul><\/figure>\n\n\n\n<p class=\"has-text-align-justify\">Cafe\u00edna naci\u00f3 a ra\u00edz del gusto por el caf\u00e9 y la experiencia en otros pa\u00edses y poco a poco ha ido consolidando este objetivo: \u201cM\u00e1s que vender, nosotros queremos ense\u00f1ar a la gente lo que es tomar un buen caf\u00e9, tratamos de explicarles, que vengan ac\u00e1 y que vean que tenemos muchos m\u00e9todos, es tener una taza hecha para ti y a tu gusto\u201d, asegur\u00f3 Ana.<\/p>\n\n\n\n<p class=\"has-text-align-justify\">Cabe resaltar, adem\u00e1s, que esta \u00e9poca tan dura les ha dejado algunas ense\u00f1anzas. \u201cHe aprendido que lo mejor que puedes hacer es optimizar los recursos, porque siempre ten\u00edamos la idea de tener poca gente con recursos a lo necesario. Otra cosa que nos ha ayudado es leer al cliente\u201d, manifest\u00f3 Juan Pablo.<\/p>\n\n\n\n<p class=\"has-text-align-justify\">El \u00e9xito para ellos significa ser sustentable haciendo lo que a uno le guste y apasione, algo muy caracter\u00edstico de los mismos. Adem\u00e1s, agregaron sentirse muy contentos al saber que fueron una de las cafeter\u00edas elegidas por la gente, afirmando sentir el reconocimiento a su esfuerzo y ganas de dar una personalidad diferente a Cafe\u00edna, siendo una alternativa m\u00e1s y enfoc\u00e1ndose en que el comensal pruebe caf\u00e9, aunque no sea de su negocio y que se enamore de \u00e9l.<\/p>\n\n\n\n<p>Cafe\u00edna te espera con las puertas abiertas y con todos los protocolos de bioseguridad necesarios.<\/p>\n\n\n\n<div class=\"wp-block-image\"><figure class=\"aligncenter size-large is-resized\"><img decoding=\"async\" loading=\"lazy\" src=\"https:\/\/azafranbolivia.com\/wp-content\/uploads\/2020\/11\/DSC_2076-Edit-1024x683.jpg\" alt=\"\" class=\"wp-image-23810\" width=\"745\" height=\"496\"\/><figcaption>Juan Pablo Paz Benavides y Ana Paola Barreto Baldivieso<\/figcaption><\/figure><\/div>\n\n\n\n<blockquote class=\"wp-block-quote\"><p>\u201cLa gente que viene se da cuenta como somos, esperamos que sigan viniendo, no creemos que somos los mejores, pero invitamos a que se consuma el caf\u00e9 de todos y sobre todo el caf\u00e9 boliviano, valorando nuestro trabajo y el de los productores y campesinos\u201d, expres\u00f3 Juan Pablo.<\/p><\/blockquote>\n\n\n\n<p class=\"has-text-align-justify\">\u201cNo hay nada que envidiar al caf\u00e9 boliviano, es espectacular, en las cafeter\u00edas del mundo hay caf\u00e9 boliviano que nosotros mismos no valoramos\u201d, concluy\u00f3 Ana.&nbsp;<\/p>\n\n\n\n<p>Te dejamos la direcciones por si quieres visitar esta gran cafeter\u00eda: Avenida Montenegro 724, Centro Comercial San Miguel local 8-9<\/p>\n\n\n\n<p>El n\u00famero de contacto por las dudas:&nbsp; 77235581<\/p>\n\n\n\n<p>Y sus p\u00e1ginas en <a href=\"https:\/\/www.facebook.com\/quierocafeina\/\" class=\"rank-math-link\">Facebook <\/a>e <a href=\"https:\/\/www.instagram.com\/quierocafeina\/\" class=\"rank-math-link\">Instagram <\/a>por si tienes alguna pregunta.&nbsp;<\/p>\n\n\n\n<p class=\"has-text-align-justify\">Esperamos que estas visitas te hayan gustado tanto como a nosotros. Agradecemos a cada uno de estos negocios por abrirnos las puertas no solo de sus negocios, sino de sus mentes y queremos felicitarlos una vez m\u00e1s por haber sido los elegidos por la gente.<\/p>\n\n\n\n<p class=\"has-text-align-justify\">Asimismo, queremos invitarte a que consumas caf\u00e9 boliviano, es un orgullo que Bolivia produzca un caf\u00e9 de excelente calidad que ahora es m\u00e1s accesible a todos nosotros con cada una de estas cafeter\u00edas que nos ofrecen una deliciosa taza de caf\u00e9. Sigamos consumiendo lo nuestro y de los nuestros, pues adem\u00e1s de estos grandiosos lugares, tienes a tu disposici\u00f3n algunos m\u00e1s con objetivos muy similares.<\/p>\n\n\n\n<p>\u00bfYa se te antoj\u00f3 un cafecito?<\/p>\n\n\n\n<figure class=\"wp-block-image size-large is-resized\"><img decoding=\"async\" loading=\"lazy\" src=\"https:\/\/azafranbolivia.com\/wp-content\/uploads\/2020\/07\/Lu-1024x363.jpg\" alt=\"lu etiqueta\" class=\"wp-image-22453\" width=\"458\" height=\"161\"\/><\/figure>\n","protected":false},"excerpt":{"rendered":"<p>Hace algunos meses te pedimos que votaras por tu cafeter\u00eda de especialidad favorita en La Paz y ya tenemos a las tres preferidas por el p\u00fablico: Cafe\u00edna, Roaster y Typica, negocios incre\u00edbles y sobre todo, llenos de caf\u00e9 boliviano. En esta ocasi\u00f3n nos encontramos enfrentando la reapertura de diversos locales gastron\u00f3micos luego de muchos meses de cuarentena como prevenci\u00f3n de la propagaci\u00f3n del coronavirus y ellos no fueron la excepci\u00f3n.<\/p>\n","protected":false},"author":3,"featured_media":23815,"comment_status":"open","ping_status":"open","sticky":false,"template":"","format":"standard","meta":{"site-sidebar-layout":"default","site-content-layout":"default","ast-global-header-display":"","ast-main-header-display":"","ast-hfb-above-header-display":"","ast-hfb-below-header-display":"","ast-hfb-mobile-header-display":"","site-post-title":"","ast-breadcrumbs-content":"","ast-featured-img":"","footer-sml-layout":"","theme-transparent-header-meta":"","adv-header-id-meta":"","stick-header-meta":"","header-above-stick-meta":"","header-main-stick-meta":"","header-below-stick-meta":""},"categories":[45],"tags":[689,690,14],"amp_enabled":true,"_links":{"self":[{"href":"https:\/\/azafranbolivia.com\/index.php?rest_route=\/wp\/v2\/posts\/23799"}],"collection":[{"href":"https:\/\/azafranbolivia.com\/index.php?rest_route=\/wp\/v2\/posts"}],"about":[{"href":"https:\/\/azafranbolivia.com\/index.php?rest_route=\/wp\/v2\/types\/post"}],"author":[{"embeddable":true,"href":"https:\/\/azafranbolivia.com\/index.php?rest_route=\/wp\/v2\/users\/3"}],"replies":[{"embeddable":true,"href":"https:\/\/azafranbolivia.com\/index.php?rest_route=%2Fwp%2Fv2%2Fcomments&post=23799"}],"version-history":[{"count":0,"href":"https:\/\/azafranbolivia.com\/index.php?rest_route=\/wp\/v2\/posts\/23799\/revisions"}],"wp:featuredmedia":[{"embeddable":true,"href":"https:\/\/azafranbolivia.com\/index.php?rest_route=\/"}],"wp:attachment":[{"href":"https:\/\/azafranbolivia.com\/index.php?rest_route=%2Fwp%2Fv2%2Fmedia&parent=23799"}],"wp:term":[{"taxonomy":"category","embeddable":true,"href":"https:\/\/azafranbolivia.com\/index.php?rest_route=%2Fwp%2Fv2%2Fcategories&post=23799"},{"taxonomy":"post_tag","embeddable":true,"href":"https:\/\/azafranbolivia.com\/index.php?rest_route=%2Fwp%2Fv2%2Ftags&post=23799"}],"curies":[{"name":"wp","href":"https:\/\/api.w.org\/{rel}","templated":true}]}}