{"id":24181,"date":"2020-12-01T20:00:39","date_gmt":"2020-12-02T00:00:39","guid":{"rendered":"https:\/\/azafranbolivia.com\/?p=24181"},"modified":"2020-12-01T20:00:39","modified_gmt":"2020-12-02T00:00:39","slug":"sandia-bolivia-produccion-usos","status":"publish","type":"post","link":"https:\/\/azafranbolivia.com\/?p=24181","title":{"rendered":"La sand\u00eda, un fruto que refresca a los bolivianos y al mundo"},"content":{"rendered":"<span class=\"rt-reading-time\" style=\"display: block;\"><span class=\"rt-label rt-prefix\">Tiempo de lectura:<\/span> <span class=\"rt-time\">3<\/span> <span class=\"rt-label rt-postfix\">minutos<\/span><\/span>\n<p class=\"has-text-align-justify\">La sand\u00eda es originaria del territorio africano, pero se ha extendido por todo el mundo por sus beneficios, cualidades y la facilidad del transporte de sus semillas. Como la conoces, es un fruto de gran tama\u00f1o que puede llegar a pesar hasta m\u00e1s de 15 kg, su pulpa es dulce y refrescante, cuenta con semillas de color negro esparcidas por todo su interior y su c\u00e1scara tiene un tono verdoso con algunas l\u00edneas blancas difuminadas que incluso de utiliza como alimento.&nbsp;<\/p>\n\n\n\n<p class=\"has-text-align-justify\">Lo de refrescante no es para nada una mentira, pues se compone en su mayor\u00eda de agua, resultando ser una fruta baja en calor\u00edas y perfecta para los d\u00edas de calor. Adem\u00e1s, aporta grandes propiedades como vitaminas y minerales entre otros que ya te estaremos contando a lo largo del mes.<\/p>\n\n\n\n<p class=\"has-text-align-justify\">Cabe resaltar, que el aspecto de la sand\u00eda ha sido modificado dependiendo de la variedad, pues algunas ya no contienen semillas, tienen la pulpa amarilla y su tama\u00f1o es mucho m\u00e1s reducido.&nbsp;<\/p>\n\n\n\n<h2 class=\"wp-block-heading\"><strong>Sand\u00eda en Bolivia&nbsp;<\/strong><\/h2>\n\n\n\n<p class=\"has-text-align-justify\">La producci\u00f3n m\u00e1s grande de Bolivia se ubica en Omereque, municipio de Cochabamba. Como muestran los datos, se producen en aproximadamente 1.500 hect\u00e1reas en manos de m\u00e1s de 2.000 personas, resultando en m\u00e1s o menos 50 mil toneladas de sand\u00eda por a\u00f1o hacia diversos destinos dentro del pa\u00eds, lo que representa casi un 30% del consumo de esta fruta en nuestro territorio.<\/p>\n\n\n\n<p class=\"has-text-align-justify\">Las caracter\u00edsticas de este lugar en cuanto a su clima subtropical, la tierra f\u00e9rtil con la que cuentan y las aguas del r\u00edo Mizque lo hacen un lugar muy f\u00e9rtil y perfecto para la producci\u00f3n de esta fruta que comienza en agosto y se detiene en mayo por el invierno.&nbsp;<\/p>\n\n\n\n<p>Esta llega entre intermediarios a Sucre, La Paz, Santa Cruz y Oruro.<\/p>\n\n\n\n<div class=\"wp-block-image\"><figure class=\"aligncenter\"><img decoding=\"async\" src=\"https:\/\/www.opinion.com.bo\/media\/opinion\/images\/2018\/04\/16\/2018N251401.jpg\" alt=\"Cochabamba es mayor productor de locoto, pi\u00f1a, arveja y sand\u00eda - Cochabamba  - Opini\u00f3n Bolivia\"\/><figcaption>Foto:  Los Tiempos<\/figcaption><\/figure><\/div>\n\n\n\n<p class=\"has-text-align-justify\">Asimismo, uno de los grandes productores hasta 2014 es el departamento de Santa Cruz, que hasta esa fecha llegaba a producir aproximadamente 1.400.000 durante siete meses para venderla desde septiembre hasta febrero. Los cultivos est\u00e1n esparcidos en las localidades de Montero, Puerto Fern\u00e1ndez, Chane, Montero Hoyos, Cotoca, Pampa Grande, Saipina y Los Negros que cuentan con 150 productores, cultivando alrededor de 350 hect\u00e1reas. utilizando semillas importadas desde Jap\u00f3n y Brasil<\/p>\n\n\n\n<p class=\"has-text-align-justify\">Este departamento produce variedades de sand\u00eda como la: Charleston Gray (japonesa), Perla Negra y Rub\u00ed Blanca, con un rango de precios entre los Bs. 5 hasta los 35.<\/p>\n\n\n\n<h2 class=\"wp-block-heading\"><strong>Consumo<\/strong><\/h2>\n\n\n\n<p class=\"has-text-align-justify\">En Bolivia y podr\u00edamos tambi\u00e9n decir el mundo, la sand\u00eda se consume en su estado natural para calmar el calor o simplemente disfrutarla. Asimismo, en muchos lugares incluyen la c\u00e1scara de este fruto dentro de ensaladas o caldos; y sus semillas, pueden ser un gran complemento para las comidas si se las tuesta.&nbsp;<\/p>\n\n\n\n<p>Adem\u00e1s, se la ha adaptado a recetas para preparar postres y bebidas en su mayor\u00eda.<\/p>\n\n\n\n<div class=\"wp-block-image\"><figure class=\"aligncenter\"><img decoding=\"async\" src=\"https:\/\/okdiario.com\/img\/vida-sana\/2016\/06\/30\/sandia.jpg\" alt=\"5 consejos para escoger una sand\u00eda dulce y rica\"\/><\/figure><\/div>\n\n\n\n<h2 class=\"wp-block-heading\"><strong>Bonus: c\u00f3mo escoger una sand\u00eda madura&nbsp;<\/strong><\/h2>\n\n\n\n<p>Te dejamos los mejores consejos para que aproveches que la sand\u00eda est\u00e1 de temporada.<\/p>\n\n\n\n<ul><li>Para saber si la sand\u00eda que vas a comparar ya est\u00e1 madura, debes tener en cuenta si la mancha de la c\u00e1scara que ha estado en contacto con el suelo es de color amarillo cremoso. En caso de que presente una mancha blanca o verdosa en la parte que estuvo pegada al piso, se podr\u00eda concluir que la fruta fue cosechada antes de tiempo, por lo que te encontrar\u00e1s con una pulpa ins\u00edpida.&nbsp;<\/li><li>Puedes darle a la c\u00e1scara suaves golpes con los dedos o con las palmas de las manos en uno de sus lados. Si escuchas como si estuviera hueca, significa que est\u00e1 lista para ser consumida.&nbsp;<\/li><li>Si prefieres ver la pulpa con tus propios ojos, puedes realizar un corte de m\u00e1s o menos cinco cent\u00edmetros desde su corteza hacia el interior. Si observas que la carne est\u00e1 roja, sabr\u00e1s que est\u00e1 madura y se la puede comer con gusto.<\/li><\/ul>\n\n\n\n<p class=\"has-text-align-justify\">No cabe duda de que esta fruta es muy sorprendente y perfecta para esta temporada. Aprovecha que nuestro pa\u00eds la produce en cantidad y que puedes disponer de ella en estos meses. Si quieres saber m\u00e1s de ella, estate atento, pues seguiremos ofreci\u00e9ndote mucho contenido para que la disfrutes al m\u00e1ximo.<\/p>\n\n\n\n<p>\u00bfYa se te antoj\u00f3 una tajada?<\/p>\n\n\n\n<p><\/p>\n\n\n\n<p>Fuentes: El comercio, Los Timepos, IBCE, Frutas y Hortalizas<\/p>\n\n\n\n<p><a href=\"https:\/\/www.elcomercio.com\/actualidad\/negocios\/tipos-sandias-epoca.html.\">https:\/\/www.elcomercio.com\/actualidad\/negocios\/tipos-sandias-epoca.html.<\/a><\/p>\n","protected":false},"excerpt":{"rendered":"<p>La sand\u00eda es originaria del territorio africano, pero se ha extendido por todo el mundo por sus beneficios, cualidades y la facilidad del transporte de sus semillas. Como la conoces, es un fruto de gran tama\u00f1o que puede llegar a pesar hasta m\u00e1s de 15 kg, su pulpa es dulce y refrescante, cuenta con semillas de color negro esparcidas por todo su interior y su c\u00e1scara tiene un tono verdoso con algunas l\u00edneas blancas difuminadas que incluso de utiliza como alimento. <\/p>\n","protected":false},"author":3,"featured_media":24183,"comment_status":"open","ping_status":"open","sticky":false,"template":"","format":"standard","meta":{"site-sidebar-layout":"default","site-content-layout":"default","ast-global-header-display":"","ast-main-header-display":"","ast-hfb-above-header-display":"","ast-hfb-below-header-display":"","ast-hfb-mobile-header-display":"","site-post-title":"","ast-breadcrumbs-content":"","ast-featured-img":"","footer-sml-layout":"","theme-transparent-header-meta":"","adv-header-id-meta":"","stick-header-meta":"","header-above-stick-meta":"","header-main-stick-meta":"","header-below-stick-meta":""},"categories":[10,9],"tags":[14,696],"amp_enabled":true,"_links":{"self":[{"href":"https:\/\/azafranbolivia.com\/index.php?rest_route=\/wp\/v2\/posts\/24181"}],"collection":[{"href":"https:\/\/azafranbolivia.com\/index.php?rest_route=\/wp\/v2\/posts"}],"about":[{"href":"https:\/\/azafranbolivia.com\/index.php?rest_route=\/wp\/v2\/types\/post"}],"author":[{"embeddable":true,"href":"https:\/\/azafranbolivia.com\/index.php?rest_route=\/wp\/v2\/users\/3"}],"replies":[{"embeddable":true,"href":"https:\/\/azafranbolivia.com\/index.php?rest_route=%2Fwp%2Fv2%2Fcomments&post=24181"}],"version-history":[{"count":0,"href":"https:\/\/azafranbolivia.com\/index.php?rest_route=\/wp\/v2\/posts\/24181\/revisions"}],"wp:featuredmedia":[{"embeddable":true,"href":"https:\/\/azafranbolivia.com\/index.php?rest_route=\/"}],"wp:attachment":[{"href":"https:\/\/azafranbolivia.com\/index.php?rest_route=%2Fwp%2Fv2%2Fmedia&parent=24181"}],"wp:term":[{"taxonomy":"category","embeddable":true,"href":"https:\/\/azafranbolivia.com\/index.php?rest_route=%2Fwp%2Fv2%2Fcategories&post=24181"},{"taxonomy":"post_tag","embeddable":true,"href":"https:\/\/azafranbolivia.com\/index.php?rest_route=%2Fwp%2Fv2%2Ftags&post=24181"}],"curies":[{"name":"wp","href":"https:\/\/api.w.org\/{rel}","templated":true}]}}