{"id":24220,"date":"2020-12-04T19:17:48","date_gmt":"2020-12-04T23:17:48","guid":{"rendered":"https:\/\/azafranbolivia.com\/?p=24220"},"modified":"2020-12-04T19:17:48","modified_gmt":"2020-12-04T23:17:48","slug":"restaurante-manqa-reapertura-nuevo","status":"publish","type":"post","link":"https:\/\/azafranbolivia.com\/?p=24220","title":{"rendered":"Manq&#8217;a se reinventa: nuevo lugar, nuevo men\u00fa, nuevos sabores"},"content":{"rendered":"<span class=\"rt-reading-time\" style=\"display: block;\"><span class=\"rt-label rt-prefix\">Tiempo de lectura:<\/span> <span class=\"rt-time\">3<\/span> <span class=\"rt-label rt-postfix\">minutos<\/span><\/span>\n<p class=\"has-text-align-justify\">El restaurante social Manq\u2019a reabre sus puertas para reencontrarse con sus caseritos quienes, en los \u00faltimos meses, extra\u00f1aron la propuesta de estos j\u00f3venes apasionados y comprometidos con la cocina y gastronom\u00eda boliviana.<\/p>\n\n\n\n<p class=\"has-text-align-justify\">Para alegr\u00eda de sus seguidores, Manq\u2019a regresa con nuevas ofertas en un nuevo espacio que servir\u00e1 como un punto de reuni\u00f3n para la familia boliviana.<\/p>\n\n\n\n<p class=\"has-text-align-justify\">El restaurante social, que antes estaba situado en la calle S\u00e1nchez Lima, en el bohemio barrio de Sopocachi, ahora funcionar\u00e1 en una ubicaci\u00f3n a\u00fan m\u00e1s estrat\u00e9gica, sobre la avenida 20 de Octubre, en la casa 927, entre las calles Pedro Salazar y Belisario Salinas n\u00famero 927, frente a la plaza Avaroa, en un espacio que resaltar\u00e1 el patrimonio cultural boliviano y que llevar\u00e1 el nombre de: \u2018Mercado Central\u2019.<\/p>\n\n\n\n<div class=\"wp-block-image\"><figure class=\"aligncenter size-large\"><img decoding=\"async\" src=\"https:\/\/azafranbolivia.com\/wp-content\/uploads\/2020\/12\/DSC_0911-1024x683.jpg\" alt=\"\" class=\"wp-image-24221\"\/><\/figure><\/div>\n\n\n\n<p class=\"has-text-align-justify\">La nueva ubicaci\u00f3n se convierte en una excelente excusa para compartir con los seres queridos, tener reuniones de trabajos o simplemente pasar un agradable momento con buena comida y buenos amigos.<\/p>\n\n\n\n<p class=\"has-text-align-justify\">El men\u00fa incorporar\u00e1 los platos m\u00e1s solicitados por los caseritos de Manqa, como el keper\u00ed o el pollo enchichado, as\u00ed como las propuestas semanales para el almuerzo. Adem\u00e1s desde esta nueva fase, Manq\u2019a Restaurante incorporar\u00e1 un men\u00fa de degustaci\u00f3n de 5 pasos, que har\u00e1 un recorrido por los distintos pisos ecol\u00f3gicos bolivianos.<\/p>\n\n\n\n<p class=\"has-text-align-justify\">Tambi\u00e9n se ampliar\u00e1 la oferta con una nueva l\u00ednea de cafeter\u00eda y panader\u00eda que ampliar\u00e1 el horario de atenci\u00f3n a los clientes, ofreciendo nuevos productos Manq\u2019a donde se presentar\u00e1n ofertas t\u00edpicas de la ciudad, como desayunos tradicionales, jugos y bebidas calientes como el sucumb\u00e9.<\/p>\n\n\n\n<figure class=\"wp-block-gallery aligncenter columns-2 is-cropped wp-block-gallery-1 is-layout-flex\"><ul class=\"blocks-gallery-grid\"><li class=\"blocks-gallery-item\"><figure><img decoding=\"async\" src=\"https:\/\/azafranbolivia.com\/wp-content\/uploads\/2020\/12\/DSC_0920-1024x683.jpg\" alt=\"\" data-id=\"24222\" data-link=\"https:\/\/azafranbolivia.com\/?attachment_id=24222\" class=\"wp-image-24222\"\/><\/figure><\/li><li class=\"blocks-gallery-item\"><figure><img decoding=\"async\" src=\"https:\/\/azafranbolivia.com\/wp-content\/uploads\/2020\/12\/DSC_0925-1024x683.jpg\" alt=\"\" data-id=\"24223\" data-full-url=\"https:\/\/azafranbolivia.com\/wp-content\/uploads\/2020\/12\/DSC_0925.jpg\" data-link=\"https:\/\/azafranbolivia.com\/?attachment_id=24223\" class=\"wp-image-24223\"\/><\/figure><\/li><\/ul><\/figure>\n\n\n\n<p class=\"has-text-align-justify\">\u201cTodo esto, con el mismo enfoque social de siempre y con la energ\u00eda y sonrisa de nuestros j\u00f3venes Manq\u2019a\u201d, destac\u00f3 la directora Regional de ICCO Cooperaci\u00f3n, Conny Toornstra.<\/p>\n\n\n\n<p class=\"has-text-align-justify\">El proyecto Manq\u2019a naci\u00f3 en 2014 con el af\u00e1n de revalorizar el patrimonio alimentario boliviano, y con el fin de promover oportunidades de educaci\u00f3n y empleo a j\u00f3venes de zonas periurbanas y rurales en Bolivia.<\/p>\n\n\n\n<p class=\"has-text-align-justify\">Esta iniciativa, impulsada por ICCO Cooperaci\u00f3n y Melting Pot, ha formado, en los \u00faltimos cinco a\u00f1os, a m\u00e1s de 4.300 j\u00f3venes como t\u00e9cnicos en gastronom\u00eda; trabaja con m\u00e1s de 200 familias productoras y ha generado m\u00e1s de 2.000 empleos. Adem\u00e1s, logr\u00f3 promover mejores h\u00e1bitos de alimentaci\u00f3n saludable en la sociedad.<\/p>\n\n\n\n<p class=\"has-text-align-justify\">Dada la calidad y experiencia que adquieran los j\u00f3venes estudiantes y, con el af\u00e1n de dar sostenibilidad al proyecto, en 2019, las escuelas instalaron el primer restaurante social de Bolivia. En este los j\u00f3venes graduados ten\u00edan y tienen acceso a un empleo digno que promueve sus proyectos de vida.<\/p>\n\n\n\n<p class=\"has-text-align-justify\">En su corto tiempo de funcionamiento, el restaurante ha recibido distintos reconocimientos. El \u00faltimo corresponde a la prestigiosa lista \u201850 Best Restaurants\u2019 que reconoce a\u00f1o tras a\u00f1o a los mejores 50 restaurantes del mundo, y que ha creado la lista especial: \u2018El Esp\u00edritu de Am\u00e9rica Latina\u2019, una colecci\u00f3n sin ranking de restaurantes h\u00e9roes locales, que encarnan el esp\u00edritu culinario de la regi\u00f3n.<\/p>\n\n\n\n<figure class=\"wp-block-gallery columns-3 is-cropped wp-block-gallery-3 is-layout-flex\"><ul class=\"blocks-gallery-grid\"><li class=\"blocks-gallery-item\"><figure><img decoding=\"async\" src=\"https:\/\/azafranbolivia.com\/wp-content\/uploads\/2020\/12\/DSC_0854-1024x683.jpg\" alt=\"\" data-id=\"24224\" data-link=\"https:\/\/azafranbolivia.com\/?attachment_id=24224\" class=\"wp-image-24224\"\/><\/figure><\/li><li class=\"blocks-gallery-item\"><figure><img decoding=\"async\" src=\"https:\/\/azafranbolivia.com\/wp-content\/uploads\/2020\/12\/DSC_0948-1024x610.jpg\" alt=\"\" data-id=\"24225\" data-link=\"https:\/\/azafranbolivia.com\/?attachment_id=24225\" class=\"wp-image-24225\"\/><\/figure><\/li><li class=\"blocks-gallery-item\"><figure><img decoding=\"async\" src=\"https:\/\/azafranbolivia.com\/wp-content\/uploads\/2020\/12\/DSC_0883-1024x683.jpg\" alt=\"\" data-id=\"24228\" data-full-url=\"https:\/\/azafranbolivia.com\/wp-content\/uploads\/2020\/12\/DSC_0883.jpg\" data-link=\"https:\/\/azafranbolivia.com\/?attachment_id=24228\" class=\"wp-image-24228\"\/><\/figure><\/li><li class=\"blocks-gallery-item\"><figure><img decoding=\"async\" src=\"https:\/\/azafranbolivia.com\/wp-content\/uploads\/2020\/12\/DSC_0878-1024x683.jpg\" alt=\"\" data-id=\"24226\" data-link=\"https:\/\/azafranbolivia.com\/?attachment_id=24226\" class=\"wp-image-24226\"\/><\/figure><\/li><\/ul><\/figure>\n\n\n\n<p class=\"has-text-align-justify\">Este a\u00f1o, Manq\u2019a Restaurante forma parte de esa importante selecci\u00f3n que eligi\u00f3 al restaurante pace\u00f1o por su trabajo y compromiso social; y por su oferta y calidad gastron\u00f3mica.<\/p>\n\n\n\n<p class=\"has-text-align-justify\">Manq\u2019a restaurante te espera, con los \u00e1nimos renovados y la calidad de siempre. Abrir\u00e1 sus puertas desde el s\u00e1bado 5 de diciembre; entre las 7:30 y las 21:00, de lunes a s\u00e1bado; y de 8:00 a 18:00, los domingos.<\/p>\n\n\n\n<p>Mayor informaci\u00f3n: 70592127 \u2013 70516485 www.manqa.org Facebook: Manqa Restaurante<\/p>\n","protected":false},"excerpt":{"rendered":"<p>El restaurante social Manq\u2019a reabre sus puertas para reencontrarse con sus caseritos quienes, en los \u00faltimos meses, extra\u00f1aron la propuesta de estos j\u00f3venes apasionados y comprometidos con la cocina y gastronom\u00eda boliviana.<\/p>\n","protected":false},"author":3,"featured_media":24230,"comment_status":"open","ping_status":"open","sticky":false,"template":"","format":"standard","meta":{"site-sidebar-layout":"default","site-content-layout":"default","ast-global-header-display":"","ast-main-header-display":"","ast-hfb-above-header-display":"","ast-hfb-below-header-display":"","ast-hfb-mobile-header-display":"","site-post-title":"","ast-breadcrumbs-content":"","ast-featured-img":"","footer-sml-layout":"","theme-transparent-header-meta":"","adv-header-id-meta":"","stick-header-meta":"","header-above-stick-meta":"","header-main-stick-meta":"","header-below-stick-meta":""},"categories":[527,9],"tags":[14],"amp_enabled":true,"_links":{"self":[{"href":"https:\/\/azafranbolivia.com\/index.php?rest_route=\/wp\/v2\/posts\/24220"}],"collection":[{"href":"https:\/\/azafranbolivia.com\/index.php?rest_route=\/wp\/v2\/posts"}],"about":[{"href":"https:\/\/azafranbolivia.com\/index.php?rest_route=\/wp\/v2\/types\/post"}],"author":[{"embeddable":true,"href":"https:\/\/azafranbolivia.com\/index.php?rest_route=\/wp\/v2\/users\/3"}],"replies":[{"embeddable":true,"href":"https:\/\/azafranbolivia.com\/index.php?rest_route=%2Fwp%2Fv2%2Fcomments&post=24220"}],"version-history":[{"count":0,"href":"https:\/\/azafranbolivia.com\/index.php?rest_route=\/wp\/v2\/posts\/24220\/revisions"}],"wp:featuredmedia":[{"embeddable":true,"href":"https:\/\/azafranbolivia.com\/index.php?rest_route=\/"}],"wp:attachment":[{"href":"https:\/\/azafranbolivia.com\/index.php?rest_route=%2Fwp%2Fv2%2Fmedia&parent=24220"}],"wp:term":[{"taxonomy":"category","embeddable":true,"href":"https:\/\/azafranbolivia.com\/index.php?rest_route=%2Fwp%2Fv2%2Fcategories&post=24220"},{"taxonomy":"post_tag","embeddable":true,"href":"https:\/\/azafranbolivia.com\/index.php?rest_route=%2Fwp%2Fv2%2Ftags&post=24220"}],"curies":[{"name":"wp","href":"https:\/\/api.w.org\/{rel}","templated":true}]}}