{"id":24281,"date":"2020-12-22T20:00:26","date_gmt":"2020-12-23T00:00:26","guid":{"rendered":"https:\/\/azafranbolivia.com\/?p=24281"},"modified":"2020-12-22T20:00:26","modified_gmt":"2020-12-23T00:00:26","slug":"navidad-con-todo-el-sabor-pavo-relleno","status":"publish","type":"post","link":"https:\/\/azafranbolivia.com\/?p=24281","title":{"rendered":"Navidad con todo el sabor: Pavo relleno"},"content":{"rendered":"<span class=\"rt-reading-time\" style=\"display: block;\"><span class=\"rt-label rt-prefix\">Tiempo de lectura:<\/span> <span class=\"rt-time\">2<\/span> <span class=\"rt-label rt-postfix\">minutos<\/span><\/span>\n<p class=\"has-text-align-justify\">Para culminar esta serie de platillos t\u00edpicos navide\u00f1os tenemos al popular pavo de Nochebuena. Esta festividad ya est\u00e1 a la vuelta de la esquina y solo podemos pensar en lo rico que se nos viene para la cena. Originario del territorio mexicano, con un recorrido casi mundial y con una preparaci\u00f3n exquisita, este platillo va a conquistarte si es que no lo han hecho los anteriores todav\u00eda. <\/p>\n\n\n\n<p class=\"has-text-align-justify\">Como ya te adelant\u00e1bamos, el pavo es originario de M\u00e9xico, espec\u00edficamente de la cultura azteca que para entonces lo denominaba como guajolote, palabra proveniente del idioma n\u00e1huatl que significa &#8220;payaso de la selva o payaso de agua&#8221;. Eso s\u00ed, para entonces, la Navidad no era una festividad latente al menos en el territorio, pero lo que hac\u00edan era consumir este animal junto a otros platillos en las fiestas del solsticio de invierno, una fecha importante para ellos, ya que este marcaba el nacimiento de un nuevo ciclo.<\/p>\n\n\n\n<p class=\"has-text-align-justify\">Si bien a\u00fan no era un alimento representativo de las festividades como tal, fue introducido a los espa\u00f1oles a\u00f1os m\u00e1s tarde durante la Conquista. Ellos lo renombraron como &#8220;gallina de Indias&#8221; y m\u00e1s tarde pavo, como lo conocemos hoy en d\u00eda. As\u00ed, la cultura gastron\u00f3mica espa\u00f1ola adopt\u00f3 este platillo y se conoci\u00f3 en el resto de Europa como un nuevo y ex\u00f3tico producto americano, caracter\u00edstica que hizo que tuviera bastante relevancia, convirti\u00e9ndose incluso en un alimento que solo pod\u00edan consumir personas adineradas. <\/p>\n\n\n\n<p class=\"has-text-align-justify\">Regresando a territorio mexicano, fue en 1528 que Fray Pedro de Gante, evangelizador y misionero belga, tuvo la idea de festejar la primera Navidad en M\u00e9xico junto con los evangelizados, ya que su fiesta m\u00e1s representativa, &#8220;Panquetzaliztli&#8221; y la fiesta de origen cristiano se celebraban en fechas cercanas, por lo que no ser\u00eda tan dif\u00edcil de convencer a la poblaci\u00f3n de adoptar esta tradici\u00f3n europea.<\/p>\n\n\n\n<p class=\"has-text-align-justify\">Sin embargo, el pavo no protagoniz\u00f3 esta primera festividad conjunta, pero s\u00ed estuvo en las siguientes al ser un alimento relativamente econ\u00f3mico capaz de alimentar a varias personas, un alimento ya consumido en grandes festividades y un animal casi domesticado por la cultura.<\/p>\n\n\n\n<p class=\"has-text-align-justify\">En otras partes del mundo, como Estados Unidos, en donde es un s\u00edmbolo de la festividad de &#8220;Acci\u00f3n de Gracias&#8221;, dicen que lleg\u00f3 a ser tradici\u00f3n por ser un alimento bastante consumido por los hambrientos colonos ingleses del Mayflower que luego se asentaron en Massachussets en 1620. <\/p>\n\n\n\n<p class=\"has-text-align-justify\">As\u00ed, de cultura en cultura llegar\u00eda a varias partes del mundo como s\u00edmbolo de la \u00e9poca decembrina, incluso a nuestro pa\u00eds, en donde lo adoptamos, manteniendo mayormente, una receta tradicional estadounidense o adapt\u00e1ndola a los ingredientes disponibles en las diferentes regiones. <\/p>\n\n\n\n<p class=\"has-text-align-justify\">Antes de pasar a la receta, te dejamos un dato curioso: El peso promedio de un pavo es de 10kg, sin embargo los pavos criados en cautiverio pueden llegar a pesar hasta 30 kg. Impresionante, \u00bfno?<\/p>\n\n\n\n<p>Ahora s\u00ed, pasamos a presentarte una versi\u00f3n de pavo navide\u00f1o para que lo prepares en casa:<\/p>\n\n\n<div id=\"wpzoom-block-details-160867748379519\" class=\"wp-block-wpzoom-recipe-card-block-details col-4 \">\n\t\t\t\t<h3 class=\"details-title\">Detalles<\/h3>\n\t\t\t\t<div class=\"details-items\"><div class=\"detail-item detail-item-0\"><span class=\"detail-item-icon oldicon oldicon-food\"><\/span><span class=\"detail-item-label\">Porciones<\/span><p class=\"detail-item-value\">6 personas<\/p><\/div><div class=\"detail-item detail-item-1\"><span class=\"detail-item-icon oldicon oldicon-room-service\"><\/span><span class=\"detail-item-label\">Tiempo de preparaci\u00f3n<\/span><p class=\"detail-item-value\">2 horas<\/p><\/div><\/div>\n\t\t\t<\/div>\n\n<div id=\"wpzoom-block-ingredients-160867748380220\" class=\"wp-block-wpzoom-recipe-card-block-ingredients\">\n\t\t\t\t<div class=\"wpzoom-recipe-card-print-link visible\">\n\t\t\t\t\t<a class=\"btn-print-link no-print\" href=\"#wpzoom-block-ingredients-160867748380220\" title=\"Print ingredients...\" data-recipe-id=\"24281\">\n\t\t\t\t\t\t<img decoding=\"async\" class=\"icon-print-link\" src=\"https:\/\/azafranbolivia.com\/wp-content\/plugins\/recipe-card-blocks-by-wpzoom\/dist\/assets\/images\/printer.svg\" alt=\"Print\"\/>Print\n\t\t\t\t\t<\/a>\n\t\t\t\t<\/div>\n\t\t\t\t<h3 class=\"ingredients-title\">Ingredientes<\/h3>\n\t\t\t\t<ul class=\"ingredients-list\"><li id=\"ingredient-item-160765904215824\" class=\"ingredient-item\"><p class=\"ingredient-item-name is-strikethrough-active\">1 kg de carne picada de pavo (pechuga)<\/p><\/li><li id=\"ingredient-item-160765904215825\" class=\"ingredient-item\"><p class=\"ingredient-item-name is-strikethrough-active\">150 g de tocino<\/p><\/li><li id=\"ingredient-item-160765904215826\" class=\"ingredient-item\"><p class=\"ingredient-item-name is-strikethrough-active\">50 g de jam\u00f3n cocido<\/p><\/li><li id=\"ingredient-item-160765904215827\" class=\"ingredient-item\"><p class=\"ingredient-item-name is-strikethrough-active\">50 g de pan de miga mojada<\/p><\/li><li id=\"ingredient-item-160765921819533\" class=\"ingredient-item\"><p class=\"ingredient-item-name is-strikethrough-active\">2 cebollas blancas<\/p><\/li><li id=\"ingredient-item-160765921978134\" class=\"ingredient-item\"><p class=\"ingredient-item-name is-strikethrough-active\">2 zanahorias<\/p><\/li><li id=\"ingredient-item-160765922062635\" class=\"ingredient-item\"><p class=\"ingredient-item-name is-strikethrough-active\">1 ramito de tomillo fresco<\/p><\/li><li id=\"ingredient-item-160765922134236\" class=\"ingredient-item\"><p class=\"ingredient-item-name is-strikethrough-active\">100 g de casta\u00f1as picadas (o almendras)<\/p><\/li><li id=\"ingredient-item-160765922195437\" class=\"ingredient-item\"><p class=\"ingredient-item-name is-strikethrough-active\">60 ml de jerez<\/p><\/li><li id=\"ingredient-item-160765922261538\" class=\"ingredient-item\"><p class=\"ingredient-item-name is-strikethrough-active\">20 ml de caldo de ave<\/p><\/li><li id=\"ingredient-item-160765929348339\" class=\"ingredient-item\"><p class=\"ingredient-item-name is-strikethrough-active\">15 g de ajo picado<\/p><\/li><li id=\"ingredient-item-160765929401740\" class=\"ingredient-item\"><p class=\"ingredient-item-name is-strikethrough-active\">30 ml de aceite<\/p><\/li><li id=\"ingredient-item-160765929455441\" class=\"ingredient-item\"><p class=\"ingredient-item-name is-strikethrough-active\">6 manzanas verdes<\/p><\/li><li id=\"ingredient-item-160765929513042\" class=\"ingredient-item\"><p class=\"ingredient-item-name is-strikethrough-active\">50 g de mantequilla sin sal<\/p><\/li><li id=\"ingredient-item-160765929569043\" class=\"ingredient-item\"><p class=\"ingredient-item-name is-strikethrough-active\">12 cherries con jugo<\/p><\/li><li id=\"ingredient-item-160765932608044\" class=\"ingredient-item\"><p class=\"ingredient-item-name is-strikethrough-active\">200 ml de vino blanco<\/p><\/li><\/ul>\n\t\t\t<\/div>\n\n<div id=\"wpzoom-block-directions-160867748381221\" class=\"wp-block-wpzoom-recipe-card-block-directions\">\n\t\t\t\t<div class=\"wpzoom-recipe-card-print-link visible\">\n\t\t\t\t\t<a class=\"btn-print-link no-print\" href=\"#wpzoom-block-directions-160867748381221\" title=\"Print directions...\" data-recipe-id=\"24281\">\n\t\t\t\t\t\t<img decoding=\"async\" class=\"icon-print-link\" src=\"https:\/\/azafranbolivia.com\/wp-content\/plugins\/recipe-card-blocks-by-wpzoom\/dist\/assets\/images\/printer.svg\" alt=\"Print\"\/>Print\n\t\t\t\t\t<\/a>\n\t\t\t\t<\/div>\n\t\t\t\t<h3 class=\"directions-title\">preparaci\u00f3n<\/h3>\n\t\t\t\t<ul class=\"directions-list\"><li class=\"direction-step\">Sazonar el pavo con sal y pimienta. Deshuesar y cortar la pechuga creando una especie de bolsillo para rellenarlo con la carne, tocino y jam\u00f3n, ingredientes picados en dados peque\u00f1os. A\u00f1adir la miga de pan y las casta\u00f1as ya mezcladas con el vino y el jerez.\u00a0<\/li><li class=\"direction-step\">Colocar\u00a0en una fuente el aceite, el ajo y el perejil picados. Asar durante una hora a fuego lento. Agregar el caldo y el vino y dejar en el horno. Echar el l\u00edquido de la misma mezcla cada 15 minutos. Dejar otros 30 minutos m\u00e1s y desgrasar la salsa pasando por un colador.<\/li><li class=\"direction-step\">Servir el pavo con mitad de la salsa cubriendo el mismo y las manzanas alrededor. La otra mitad de la salsa servirla en salsera. Puede acompa\u00f1ar con las guarniciones que se desee.<\/li><\/ul>\n\t\t\t<\/div>\n\n\n<p>Esperamos que esta y todas las recetas que te presentamos durante el mes hayan sido de tu agrado, cu\u00e9ntanos si las preparaste. \u00a1Felices fiestas!<\/p>\n","protected":false},"excerpt":{"rendered":"<p>Para culminar esta serie de platillos t\u00edpicos navide\u00f1os tenemos al popular pavo de Nochebuena. Esta festividad ya est\u00e1 a la vuelta de la esquina y solo podemos pensar en lo rico que se nos viene para la cena. Originario del territorio mexicano, con un recorrido casi mundial y con una preparaci\u00f3n exquisita, este platillo va a conquistarte si es que no lo han hecho los anteriores todav\u00eda. <\/p>\n","protected":false},"author":3,"featured_media":24342,"comment_status":"open","ping_status":"open","sticky":false,"template":"","format":"standard","meta":{"site-sidebar-layout":"default","site-content-layout":"default","ast-global-header-display":"","ast-main-header-display":"","ast-hfb-above-header-display":"","ast-hfb-below-header-display":"","ast-hfb-mobile-header-display":"","site-post-title":"","ast-breadcrumbs-content":"","ast-featured-img":"","footer-sml-layout":"","theme-transparent-header-meta":"","adv-header-id-meta":"","stick-header-meta":"","header-above-stick-meta":"","header-main-stick-meta":"","header-below-stick-meta":""},"categories":[6,9],"tags":[14,698],"amp_enabled":true,"_links":{"self":[{"href":"https:\/\/azafranbolivia.com\/index.php?rest_route=\/wp\/v2\/posts\/24281"}],"collection":[{"href":"https:\/\/azafranbolivia.com\/index.php?rest_route=\/wp\/v2\/posts"}],"about":[{"href":"https:\/\/azafranbolivia.com\/index.php?rest_route=\/wp\/v2\/types\/post"}],"author":[{"embeddable":true,"href":"https:\/\/azafranbolivia.com\/index.php?rest_route=\/wp\/v2\/users\/3"}],"replies":[{"embeddable":true,"href":"https:\/\/azafranbolivia.com\/index.php?rest_route=%2Fwp%2Fv2%2Fcomments&post=24281"}],"version-history":[{"count":0,"href":"https:\/\/azafranbolivia.com\/index.php?rest_route=\/wp\/v2\/posts\/24281\/revisions"}],"wp:featuredmedia":[{"embeddable":true,"href":"https:\/\/azafranbolivia.com\/index.php?rest_route=\/"}],"wp:attachment":[{"href":"https:\/\/azafranbolivia.com\/index.php?rest_route=%2Fwp%2Fv2%2Fmedia&parent=24281"}],"wp:term":[{"taxonomy":"category","embeddable":true,"href":"https:\/\/azafranbolivia.com\/index.php?rest_route=%2Fwp%2Fv2%2Fcategories&post=24281"},{"taxonomy":"post_tag","embeddable":true,"href":"https:\/\/azafranbolivia.com\/index.php?rest_route=%2Fwp%2Fv2%2Ftags&post=24281"}],"curies":[{"name":"wp","href":"https:\/\/api.w.org\/{rel}","templated":true}]}}