{"id":28777,"date":"2022-10-01T01:31:09","date_gmt":"2022-10-01T01:31:09","guid":{"rendered":"https:\/\/azafranbolivia.com\/?p=28777"},"modified":"2022-10-01T01:31:19","modified_gmt":"2022-10-01T01:31:19","slug":"cero-desperdicio-7-recetas-deliciosas-con-cascaras-de-papa","status":"publish","type":"post","link":"https:\/\/azafranbolivia.com\/?p=28777","title":{"rendered":"Cero Desperdicio: 7 recetas deliciosas con c\u00e1scaras de papa"},"content":{"rendered":"<span class=\"rt-reading-time\" style=\"display: block;\"><span class=\"rt-label rt-prefix\">Tiempo de lectura:<\/span> <span class=\"rt-time\">2<\/span> <span class=\"rt-label rt-postfix\">minutos<\/span><\/span>\n<p class=\"has-text-align-justify\">El origen de la papa se remonta seg\u00fan la evidencia cient\u00edfica actual, el a\u00f1o 8000 a.C. en el altiplano andino, espec\u00edficamente a lo que corresponde hoy en d\u00eda al noroeste del altiplano boliviano y el sur de Per\u00fa. Esta, durante miles de a\u00f1os fue, uno de los protagonistas en la alimentaci\u00f3n de varias civilizaciones precolombinas. Los pueblos de los Andes cultivaron este ingrediente por varios siglos. Como resultado, surgieron diferentes tipos de la misma, por ejemplo, en Bolivia solamente, se reconocen 1.000 variedades. <\/p>\n\n\n\n<p class=\"has-text-align-justify\">Durante la conquista espa\u00f1ola, la papa viaj\u00f3 aproximadamente en 1554 desde nuestro continente hasta Espa\u00f1a. A\u00f1os m\u00e1s tarde, esta se cocinar\u00eda en el Hospital de Sevilla para alimentar a los enfermos. Originariamente tiene por nombre papa, pero los espa\u00f1oles empezaron llamarla patata para no ofender a los Papas cat\u00f3licos.<\/p>\n\n\n\n<p class=\"has-text-align-justify\">As\u00ed, en menos de un siglo, la papa se convirti\u00f3 en un alimento indispensable para las poblaciones de Italia, Alemania, Polonia y Rusia. Pero, como parte de su masificaci\u00f3n, durante la devastadora Guerra de los 30 a\u00f1os en Europa, la papa empez\u00f3 a cultivarse en magnitud alrededor de todo el continente para mitigar los efectos de la hambruna.&nbsp;Lo dem\u00e1s, es historia, en la que se destaca por ser un de los principales alimentos que se utilizan en el planeta. <\/p>\n\n\n\n<p>Si bien lo que m\u00e1s amamos y usamos es el interior, debemos reconocer que su c\u00e1scara tambi\u00e9n es una parte esencial y de hecho, muy nutritiva. Por ello, hoy queremos presentarte algunas de las mejores recetas para que las aproveches y en vez de tirarlas, las disfrutes en platillo bastante f\u00e1ciles: <\/p>\n\n\n<style>.wp-show-posts-columns#wpsp-28807 {margin-left: -2em; }.wp-show-posts-columns#wpsp-28807 .wp-show-posts-inner {margin: 0 0 2em 2em; }<\/style><section id=\"wpsp-28807\" class=\" wp-show-posts-columns wp-show-posts\" style=\"\"><article class=\" wp-show-posts-single post-28802 post type-post status-publish format-standard has-post-thumbnail hentry category-uncategorized tag-recetas-papa-cero wpsp-col-6\" itemtype=\"http:\/\/schema.org\/CreativeWork\" itemscope><div class=\"wp-show-posts-inner\" style=\"\">\t\t\t\t\t\t<header class=\"wp-show-posts-entry-header\">\n\t\t\t\t\t\t\t<h2 class=\"wp-show-posts-entry-title\" itemprop=\"headline\"><a href=\"https:\/\/azafranbolivia.com\/?p=28802\" rel=\"bookmark\">1. Tacos dorados de c\u00e1scara de papa<\/a><\/h2>\t\t\t\t\t\t<\/header><!-- .entry-header -->\n\t\t\t\t\t\t\t<div class=\"wp-show-posts-image  wpsp-image-center \">\n\t\t\t<a href=\"https:\/\/azafranbolivia.com\/?p=28802\"  title=\"1. Tacos dorados de c\u00e1scara de papa\"><img width=\"688\" height=\"508\" src=\"https:\/\/azafranbolivia.com\/wp-content\/uploads\/2022\/09\/taquitosdoradosdepapa-1.jpg\" class=\"attachment-full size-full wp-post-image\" alt=\"\" decoding=\"async\" loading=\"lazy\" itemprop=\"image\" srcset=\"https:\/\/azafranbolivia.com\/wp-content\/uploads\/2022\/09\/taquitosdoradosdepapa-1.jpg 688w, https:\/\/azafranbolivia.com\/wp-content\/uploads\/2022\/09\/taquitosdoradosdepapa-1-300x222.jpg 300w\" sizes=\"(max-width: 688px) 100vw, 688px\" \/><\/a>\t\t<\/div>\n\t\t<div class=\"wpsp-read-more\"><a title=\"1. Tacos dorados de c\u00e1scara de papa\" class=\"wp-show-posts-read-more\" href=\"https:\/\/azafranbolivia.com\/?p=28802\">Ver receta completa<\/a><\/div><\/div><!-- wp-show-posts-inner --><\/article><article class=\" wp-show-posts-single post-28798 post type-post status-publish format-standard has-post-thumbnail hentry category-uncategorized tag-recetas-papa-cero wpsp-col-6\" itemtype=\"http:\/\/schema.org\/CreativeWork\" itemscope><div class=\"wp-show-posts-inner\" style=\"\">\t\t\t\t\t\t<header class=\"wp-show-posts-entry-header\">\n\t\t\t\t\t\t\t<h2 class=\"wp-show-posts-entry-title\" itemprop=\"headline\"><a href=\"https:\/\/azafranbolivia.com\/?p=28798\" rel=\"bookmark\">2. Chips de c\u00e1scara de papa<\/a><\/h2>\t\t\t\t\t\t<\/header><!-- .entry-header -->\n\t\t\t\t\t\t\t<div class=\"wp-show-posts-image  wpsp-image-center \">\n\t\t\t<a href=\"https:\/\/azafranbolivia.com\/?p=28798\"  title=\"2. Chips de c\u00e1scara de papa\"><img width=\"724\" height=\"483\" src=\"https:\/\/azafranbolivia.com\/wp-content\/uploads\/2022\/10\/GettyImages-1284963743-1-1.jpg\" class=\"attachment-full size-full wp-post-image\" alt=\"\" decoding=\"async\" loading=\"lazy\" itemprop=\"image\" srcset=\"https:\/\/azafranbolivia.com\/wp-content\/uploads\/2022\/10\/GettyImages-1284963743-1-1.jpg 724w, https:\/\/azafranbolivia.com\/wp-content\/uploads\/2022\/10\/GettyImages-1284963743-1-1-300x200.jpg 300w\" sizes=\"(max-width: 724px) 100vw, 724px\" \/><\/a>\t\t<\/div>\n\t\t<div class=\"wpsp-read-more\"><a title=\"2. Chips de c\u00e1scara de papa\" class=\"wp-show-posts-read-more\" href=\"https:\/\/azafranbolivia.com\/?p=28798\">Ver receta completa<\/a><\/div><\/div><!-- wp-show-posts-inner --><\/article><article class=\" wp-show-posts-single post-28796 post type-post status-publish format-standard has-post-thumbnail hentry category-uncategorized tag-recetas-papa-cero wpsp-col-6\" itemtype=\"http:\/\/schema.org\/CreativeWork\" itemscope><div class=\"wp-show-posts-inner\" style=\"\">\t\t\t\t\t\t<header class=\"wp-show-posts-entry-header\">\n\t\t\t\t\t\t\t<h2 class=\"wp-show-posts-entry-title\" itemprop=\"headline\"><a href=\"https:\/\/azafranbolivia.com\/?p=28796\" rel=\"bookmark\">3. C\u00e1scaras de papa gratinadas<\/a><\/h2>\t\t\t\t\t\t<\/header><!-- .entry-header -->\n\t\t\t\t\t\t\t<div class=\"wp-show-posts-image  wpsp-image-center \">\n\t\t\t<a href=\"https:\/\/azafranbolivia.com\/?p=28796\"  title=\"3. C\u00e1scaras de papa gratinadas\"><img width=\"642\" height=\"428\" src=\"https:\/\/azafranbolivia.com\/wp-content\/uploads\/2022\/09\/75104_640x428.jpg\" class=\"attachment-full size-full wp-post-image\" alt=\"\" decoding=\"async\" loading=\"lazy\" itemprop=\"image\" srcset=\"https:\/\/azafranbolivia.com\/wp-content\/uploads\/2022\/09\/75104_640x428.jpg 642w, https:\/\/azafranbolivia.com\/wp-content\/uploads\/2022\/09\/75104_640x428-300x200.jpg 300w\" sizes=\"(max-width: 642px) 100vw, 642px\" \/><\/a>\t\t<\/div>\n\t\t<div class=\"wpsp-read-more\"><a title=\"3. C\u00e1scaras de papa gratinadas\" class=\"wp-show-posts-read-more\" href=\"https:\/\/azafranbolivia.com\/?p=28796\">Ver receta completa<\/a><\/div><\/div><!-- wp-show-posts-inner --><\/article><article class=\" wp-show-posts-single post-28787 post type-post status-publish format-standard has-post-thumbnail hentry category-uncategorized tag-recetas-papa-cero wpsp-col-6\" itemtype=\"http:\/\/schema.org\/CreativeWork\" itemscope><div class=\"wp-show-posts-inner\" style=\"\">\t\t\t\t\t\t<header class=\"wp-show-posts-entry-header\">\n\t\t\t\t\t\t\t<h2 class=\"wp-show-posts-entry-title\" itemprop=\"headline\"><a href=\"https:\/\/azafranbolivia.com\/?p=28787\" rel=\"bookmark\">5. Enchiladas rellenas con c\u00e1scara de papa<\/a><\/h2>\t\t\t\t\t\t<\/header><!-- .entry-header -->\n\t\t\t\t\t\t\t<div class=\"wp-show-posts-image  wpsp-image-center \">\n\t\t\t<a href=\"https:\/\/azafranbolivia.com\/?p=28787\"  title=\"5. Enchiladas rellenas con c\u00e1scara de papa\"><img width=\"2560\" height=\"1706\" src=\"https:\/\/azafranbolivia.com\/wp-content\/uploads\/2022\/09\/d04c3d9466088eafcc7e744fc38f21a9-scaled.jpg\" class=\"attachment-full size-full wp-post-image\" alt=\"\" decoding=\"async\" loading=\"lazy\" itemprop=\"image\" srcset=\"https:\/\/azafranbolivia.com\/wp-content\/uploads\/2022\/09\/d04c3d9466088eafcc7e744fc38f21a9-scaled.jpg 2560w, https:\/\/azafranbolivia.com\/wp-content\/uploads\/2022\/09\/d04c3d9466088eafcc7e744fc38f21a9-300x200.jpg 300w, https:\/\/azafranbolivia.com\/wp-content\/uploads\/2022\/09\/d04c3d9466088eafcc7e744fc38f21a9-1024x682.jpg 1024w, https:\/\/azafranbolivia.com\/wp-content\/uploads\/2022\/09\/d04c3d9466088eafcc7e744fc38f21a9-768x512.jpg 768w, https:\/\/azafranbolivia.com\/wp-content\/uploads\/2022\/09\/d04c3d9466088eafcc7e744fc38f21a9-1536x1023.jpg 1536w, https:\/\/azafranbolivia.com\/wp-content\/uploads\/2022\/09\/d04c3d9466088eafcc7e744fc38f21a9-2048x1365.jpg 2048w, https:\/\/azafranbolivia.com\/wp-content\/uploads\/2022\/09\/d04c3d9466088eafcc7e744fc38f21a9-750x500.jpg 750w\" sizes=\"(max-width: 2560px) 100vw, 2560px\" \/><\/a>\t\t<\/div>\n\t\t<div class=\"wpsp-read-more\"><a title=\"5. Enchiladas rellenas con c\u00e1scara de papa\" class=\"wp-show-posts-read-more\" href=\"https:\/\/azafranbolivia.com\/?p=28787\">Ver receta completa<\/a><\/div><\/div><!-- wp-show-posts-inner --><\/article><article class=\" wp-show-posts-single post-28791 post type-post status-publish format-standard has-post-thumbnail hentry category-uncategorized tag-recetas-papa-cero wpsp-col-6\" itemtype=\"http:\/\/schema.org\/CreativeWork\" itemscope><div class=\"wp-show-posts-inner\" style=\"\">\t\t\t\t\t\t<header class=\"wp-show-posts-entry-header\">\n\t\t\t\t\t\t\t<h2 class=\"wp-show-posts-entry-title\" itemprop=\"headline\"><a href=\"https:\/\/azafranbolivia.com\/?p=28791\" rel=\"bookmark\">4. Tortilla de c\u00e1scaras de papa<\/a><\/h2>\t\t\t\t\t\t<\/header><!-- .entry-header -->\n\t\t\t\t\t\t\t<div class=\"wp-show-posts-image  wpsp-image-center \">\n\t\t\t<a href=\"https:\/\/azafranbolivia.com\/?p=28791\"  title=\"4. Tortilla de c\u00e1scaras de papa\"><img width=\"1200\" height=\"675\" src=\"https:\/\/azafranbolivia.com\/wp-content\/uploads\/2022\/09\/fotografia-de-una-tortilla-de-patata.jpeg\" class=\"attachment-full size-full wp-post-image\" alt=\"\" decoding=\"async\" loading=\"lazy\" itemprop=\"image\" srcset=\"https:\/\/azafranbolivia.com\/wp-content\/uploads\/2022\/09\/fotografia-de-una-tortilla-de-patata.jpeg 1200w, https:\/\/azafranbolivia.com\/wp-content\/uploads\/2022\/09\/fotografia-de-una-tortilla-de-patata-300x169.jpeg 300w, https:\/\/azafranbolivia.com\/wp-content\/uploads\/2022\/09\/fotografia-de-una-tortilla-de-patata-1024x576.jpeg 1024w, https:\/\/azafranbolivia.com\/wp-content\/uploads\/2022\/09\/fotografia-de-una-tortilla-de-patata-768x432.jpeg 768w, https:\/\/azafranbolivia.com\/wp-content\/uploads\/2022\/09\/fotografia-de-una-tortilla-de-patata-750x422.jpeg 750w, https:\/\/azafranbolivia.com\/wp-content\/uploads\/2022\/09\/fotografia-de-una-tortilla-de-patata-480x270.jpeg 480w\" sizes=\"(max-width: 1200px) 100vw, 1200px\" \/><\/a>\t\t<\/div>\n\t\t<div class=\"wpsp-read-more\"><a title=\"4. Tortilla de c\u00e1scaras de papa\" class=\"wp-show-posts-read-more\" href=\"https:\/\/azafranbolivia.com\/?p=28791\">Ver receta completa<\/a><\/div><\/div><!-- wp-show-posts-inner --><\/article><article class=\" wp-show-posts-single post-28783 post type-post status-publish format-standard has-post-thumbnail hentry category-uncategorized tag-recetas-papa-cero wpsp-col-6\" itemtype=\"http:\/\/schema.org\/CreativeWork\" itemscope><div class=\"wp-show-posts-inner\" style=\"\">\t\t\t\t\t\t<header class=\"wp-show-posts-entry-header\">\n\t\t\t\t\t\t\t<h2 class=\"wp-show-posts-entry-title\" itemprop=\"headline\"><a href=\"https:\/\/azafranbolivia.com\/?p=28783\" rel=\"bookmark\">6. Bu\u00f1uelos de c\u00e1scara de papa<\/a><\/h2>\t\t\t\t\t\t<\/header><!-- .entry-header -->\n\t\t\t\t\t\t\t<div class=\"wp-show-posts-image  wpsp-image-center \">\n\t\t\t<a href=\"https:\/\/azafranbolivia.com\/?p=28783\"  title=\"6. Bu\u00f1uelos de c\u00e1scara de papa\"><img width=\"880\" height=\"495\" src=\"https:\/\/azafranbolivia.com\/wp-content\/uploads\/2022\/09\/750084.jpg\" class=\"attachment-full size-full wp-post-image\" alt=\"\" decoding=\"async\" loading=\"lazy\" itemprop=\"image\" srcset=\"https:\/\/azafranbolivia.com\/wp-content\/uploads\/2022\/09\/750084.jpg 880w, https:\/\/azafranbolivia.com\/wp-content\/uploads\/2022\/09\/750084-300x169.jpg 300w, https:\/\/azafranbolivia.com\/wp-content\/uploads\/2022\/09\/750084-768x432.jpg 768w, https:\/\/azafranbolivia.com\/wp-content\/uploads\/2022\/09\/750084-750x422.jpg 750w, https:\/\/azafranbolivia.com\/wp-content\/uploads\/2022\/09\/750084-480x270.jpg 480w\" sizes=\"(max-width: 880px) 100vw, 880px\" \/><\/a>\t\t<\/div>\n\t\t<div class=\"wpsp-read-more\"><a title=\"6. Bu\u00f1uelos de c\u00e1scara de papa\" class=\"wp-show-posts-read-more\" href=\"https:\/\/azafranbolivia.com\/?p=28783\">Ver receta completa<\/a><\/div><\/div><!-- wp-show-posts-inner --><\/article><article class=\" wp-show-posts-single post-28779 post type-post status-publish format-standard has-post-thumbnail hentry category-uncategorized tag-recetas-papa-cero wpsp-col-6\" itemtype=\"http:\/\/schema.org\/CreativeWork\" itemscope><div class=\"wp-show-posts-inner\" style=\"\">\t\t\t\t\t\t<header class=\"wp-show-posts-entry-header\">\n\t\t\t\t\t\t\t<h2 class=\"wp-show-posts-entry-title\" itemprop=\"headline\"><a href=\"https:\/\/azafranbolivia.com\/?p=28779\" rel=\"bookmark\">7. Caldo de c\u00e1scaras de papa<\/a><\/h2>\t\t\t\t\t\t<\/header><!-- .entry-header -->\n\t\t\t\t\t\t\t<div class=\"wp-show-posts-image  wpsp-image-center \">\n\t\t\t<a href=\"https:\/\/azafranbolivia.com\/?p=28779\"  title=\"7. Caldo de c\u00e1scaras de papa\"><img width=\"680\" height=\"510\" src=\"https:\/\/azafranbolivia.com\/wp-content\/uploads\/2022\/09\/sopaporopapa.jpg\" class=\"attachment-full size-full wp-post-image\" alt=\"\" decoding=\"async\" loading=\"lazy\" itemprop=\"image\" srcset=\"https:\/\/azafranbolivia.com\/wp-content\/uploads\/2022\/09\/sopaporopapa.jpg 680w, https:\/\/azafranbolivia.com\/wp-content\/uploads\/2022\/09\/sopaporopapa-300x225.jpg 300w, https:\/\/azafranbolivia.com\/wp-content\/uploads\/2022\/09\/sopaporopapa-500x375.jpg 500w\" sizes=\"(max-width: 680px) 100vw, 680px\" \/><\/a>\t\t<\/div>\n\t\t<div class=\"wpsp-read-more\"><a title=\"7. Caldo de c\u00e1scaras de papa\" class=\"wp-show-posts-read-more\" href=\"https:\/\/azafranbolivia.com\/?p=28779\">Ver receta completa<\/a><\/div><\/div><!-- wp-show-posts-inner --><\/article><div class=\"wpsp-clear\"><\/div><\/section><!-- .wp-show-posts -->\n\n\n\n<p>Esperamos que te hayan gustado estas recetas y se te haya antojado al menos una. Aprovecha estas preparaciones, su sabor y la oportunidad de reducir el desperdicio de alimentos en tu hogar, \u00a1no te arrepentir\u00e1s!<\/p>\n\n\n\n<p>Y a ti, \u00bfcu\u00e1l te gust\u00f3 m\u00e1s?<\/p>\n","protected":false},"excerpt":{"rendered":"<p>El origen de la papa se remonta seg\u00fan la evidencia cient\u00edfica actual, el a\u00f1o 8000 a.C. en el altiplano andino, espec\u00edficamente a lo que corresponde hoy en d\u00eda al noroeste del altiplano boliviano y el sur de Per\u00fa. Esta, durante miles de a\u00f1os fue, uno de los protagonistas en la alimentaci\u00f3n de varias civilizaciones precolombinas. Los pueblos de los Andes cultivaron este ingrediente por varios siglos. Como resultado, surgieron diferentes tipos de la misma, por ejemplo, en Bolivia solamente, se reconocen 1.000 variedades. <\/p>\n","protected":false},"author":3,"featured_media":28847,"comment_status":"open","ping_status":"open","sticky":false,"template":"","format":"standard","meta":{"site-sidebar-layout":"default","site-content-layout":"default","ast-global-header-display":"","ast-main-header-display":"","ast-hfb-above-header-display":"","ast-hfb-below-header-display":"","ast-hfb-mobile-header-display":"","site-post-title":"","ast-breadcrumbs-content":"","ast-featured-img":"","footer-sml-layout":"","theme-transparent-header-meta":"","adv-header-id-meta":"","stick-header-meta":"","header-above-stick-meta":"","header-main-stick-meta":"","header-below-stick-meta":""},"categories":[1],"tags":[735,664,569,14,34],"amp_enabled":true,"_links":{"self":[{"href":"https:\/\/azafranbolivia.com\/index.php?rest_route=\/wp\/v2\/posts\/28777"}],"collection":[{"href":"https:\/\/azafranbolivia.com\/index.php?rest_route=\/wp\/v2\/posts"}],"about":[{"href":"https:\/\/azafranbolivia.com\/index.php?rest_route=\/wp\/v2\/types\/post"}],"author":[{"embeddable":true,"href":"https:\/\/azafranbolivia.com\/index.php?rest_route=\/wp\/v2\/users\/3"}],"replies":[{"embeddable":true,"href":"https:\/\/azafranbolivia.com\/index.php?rest_route=%2Fwp%2Fv2%2Fcomments&post=28777"}],"version-history":[{"count":3,"href":"https:\/\/azafranbolivia.com\/index.php?rest_route=\/wp\/v2\/posts\/28777\/revisions"}],"predecessor-version":[{"id":28848,"href":"https:\/\/azafranbolivia.com\/index.php?rest_route=\/wp\/v2\/posts\/28777\/revisions\/28848"}],"wp:featuredmedia":[{"embeddable":true,"href":"https:\/\/azafranbolivia.com\/index.php?rest_route=\/wp\/v2\/media\/28847"}],"wp:attachment":[{"href":"https:\/\/azafranbolivia.com\/index.php?rest_route=%2Fwp%2Fv2%2Fmedia&parent=28777"}],"wp:term":[{"taxonomy":"category","embeddable":true,"href":"https:\/\/azafranbolivia.com\/index.php?rest_route=%2Fwp%2Fv2%2Fcategories&post=28777"},{"taxonomy":"post_tag","embeddable":true,"href":"https:\/\/azafranbolivia.com\/index.php?rest_route=%2Fwp%2Fv2%2Ftags&post=28777"}],"curies":[{"name":"wp","href":"https:\/\/api.w.org\/{rel}","templated":true}]}}