{"id":655,"date":"2018-05-02T20:08:24","date_gmt":"2018-05-02T20:08:24","guid":{"rendered":"https:\/\/azafran.agenciaroundbox.com\/?p=655"},"modified":"2018-05-02T20:08:24","modified_gmt":"2018-05-02T20:08:24","slug":"el-cafe-en-bolivia","status":"publish","type":"post","link":"https:\/\/azafranbolivia.com\/?p=655","title":{"rendered":"El caf\u00e9 en Bolivia"},"content":{"rendered":"<span class=\"rt-reading-time\" style=\"display: block;\"><span class=\"rt-label rt-prefix\">Tiempo de lectura:<\/span> <span class=\"rt-time\">2<\/span> <span class=\"rt-label rt-postfix\">minutos<\/span><\/span><blockquote><p>El caf\u00e9 es una de las bebidas m\u00e1s importantes a nivel mundial, siendo la segunda m\u00e1s consumida del mundo despu\u00e9s del agua, y la segunda mercanc\u00eda m\u00e1s comercializada despu\u00e9s del petr\u00f3leo.\u00a0 En Bolivia, el caf\u00e9 se constituye en un importante producto para nuestro Patrimonio Alimentario, aunque su historia no sea tan antigua como la de otros productos originarios.<\/p><\/blockquote>\n<p>El caf\u00e9 forma parte de nuestras tradiciones diarias: acompa\u00f1ando en occidente una crocante marraqueta con queso en el desayuno o en oriente a los cu\u00f1ap\u00e9s y sonsos en el \u201ccaf\u00e9 de la siesta\u201d, y en los \u00faltimos a\u00f1os, desde las humeantes m\u00e1quinas de cafeter\u00edas de especialidad que ponen en valor a este producto boliviano de origen, altamente reconocido a nivel internacional.<\/p>\n<p>Los primeros plantines llegaron a Bolivia a fines del siglo XVIII a los valles de los Yungas de La Paz. Sin embargo los primeros datos fidedignos sobre la presencia de cafetales en las haciendas yungue\u00f1as datan de los primeros a\u00f1os del siglo XIX[1]. Hoy en d\u00eda y seg\u00fan datos del INE, la producci\u00f3n de caf\u00e9 est\u00e1 concentrada en un 95% en el departamento de La Paz, sin embargo el caf\u00e9 ha comenzado a cultivarse en otros departamentos como Santa Cruz y Cochabamba, adem\u00e1s de variedades de caf\u00e9 amaz\u00f3nico en Pando y Beni. Prueba de ello es el caf\u00e9 ganador del Torneo Nacional Taza Presidencial 2017, que fue el caf\u00e9 de Villa Tunari con una puntuaci\u00f3n de 92\/100.<\/p>\n<p>El caf\u00e9 boliviano fue destacado por importantes historiadores y expertos, como uno de los mejores del mundo. El viajero franc\u00e9s Andr\u00e9 Bresson recorri\u00f3 los Yungas y public\u00f3 en un libro con sus experiencias de viaje: \u201c\u2026 el caf\u00e9 del pa\u00eds que pasa a buen derecho bajo mi propia experiencia por el mejor de toda Am\u00e9rica\u201d[2]. No por nada, el caf\u00e9 Geisha de la finca Takesi lleg\u00f3 a estar entre los 10 mejores en 2011, en un concurso internacional frente a 300 caf\u00e9s de todo el mundo.<\/p>\n<p>Una vez m\u00e1s, nuestro pa\u00eds sorprende con la calidad de sus productos, y es vital que se siga fomentando el crecimiento de una cultura de consumo interna, capaz de multiplicar actores, fortalecer cadenas productivas y que m\u00e1s familias bolivianas puedan disfrutar en su mesa un caf\u00e9 de alta calidad.<\/p>\n<p>[1] Apuntes para una historia del caf\u00e9 en los Yungas pace\u00f1os, Mar\u00eda Luisa Soux, 2016<\/p>\n<p>[2] Sept ann\u00e9es d\u2019explorations, de voyages et de s\u00e9jours dans l\u2019Am\u00e9rique Australe, Bresson, 1886<\/p>\n<p><iframe loading=\"lazy\" src=\"https:\/\/www.youtube.com\/embed\/14KQh8eewJY\" width=\"560\" height=\"315\" frameborder=\"0\" allowfullscreen=\"allowfullscreen\"><\/iframe><\/p>\n<h6><img decoding=\"async\" loading=\"lazy\" class=\"alignleft wp-image-250 \" src=\"https:\/\/azafran.agenciaroundbox.com\/wp-content\/uploads\/2017\/09\/Logo-Miga-2017.png\" alt=\"\" width=\"39\" height=\"52\" \/><\/h6>\n<h6>Articulo realizado en colaboraci\u00f3n con <a href=\"http:\/\/www.miga.org.bo\/\">MIGA Bolivia<\/a><\/h6>\n<p>&nbsp;<\/p>\n<p>[ratings]\t\t<\/p>\n","protected":false},"excerpt":{"rendered":"<p>El caf\u00e9 es una de las bebidas m\u00e1s importantes a nivel mundial, siendo la segunda m\u00e1s consumida del mundo despu\u00e9s del agua, y la segunda mercanc\u00eda m\u00e1s comercializada despu\u00e9s del petr\u00f3leo.\u00a0 En Bolivia, el caf\u00e9 se constituye en un importante producto para nuestro Patrimonio Alimentario, aunque su historia no sea tan antigua como la de &hellip;<\/p>\n<p class=\"read-more\"> <a class=\"\" href=\"https:\/\/azafranbolivia.com\/?p=655\"> <span class=\"screen-reader-text\">El caf\u00e9 en Bolivia<\/span> Read More &raquo;<\/a><\/p>\n","protected":false},"author":2,"featured_media":16096,"comment_status":"open","ping_status":"open","sticky":false,"template":"","format":"standard","meta":{"site-sidebar-layout":"default","site-content-layout":"default","ast-global-header-display":"","ast-main-header-display":"","ast-hfb-above-header-display":"","ast-hfb-below-header-display":"","ast-hfb-mobile-header-display":"","site-post-title":"","ast-breadcrumbs-content":"","ast-featured-img":"","footer-sml-layout":"","theme-transparent-header-meta":"","adv-header-id-meta":"","stick-header-meta":"","header-above-stick-meta":"","header-main-stick-meta":"","header-below-stick-meta":""},"categories":[10],"tags":[12,19,41,68,14,15],"amp_enabled":true,"_links":{"self":[{"href":"https:\/\/azafranbolivia.com\/index.php?rest_route=\/wp\/v2\/posts\/655"}],"collection":[{"href":"https:\/\/azafranbolivia.com\/index.php?rest_route=\/wp\/v2\/posts"}],"about":[{"href":"https:\/\/azafranbolivia.com\/index.php?rest_route=\/wp\/v2\/types\/post"}],"author":[{"embeddable":true,"href":"https:\/\/azafranbolivia.com\/index.php?rest_route=\/wp\/v2\/users\/2"}],"replies":[{"embeddable":true,"href":"https:\/\/azafranbolivia.com\/index.php?rest_route=%2Fwp%2Fv2%2Fcomments&post=655"}],"version-history":[{"count":0,"href":"https:\/\/azafranbolivia.com\/index.php?rest_route=\/wp\/v2\/posts\/655\/revisions"}],"wp:featuredmedia":[{"embeddable":true,"href":"https:\/\/azafranbolivia.com\/index.php?rest_route=\/"}],"wp:attachment":[{"href":"https:\/\/azafranbolivia.com\/index.php?rest_route=%2Fwp%2Fv2%2Fmedia&parent=655"}],"wp:term":[{"taxonomy":"category","embeddable":true,"href":"https:\/\/azafranbolivia.com\/index.php?rest_route=%2Fwp%2Fv2%2Fcategories&post=655"},{"taxonomy":"post_tag","embeddable":true,"href":"https:\/\/azafranbolivia.com\/index.php?rest_route=%2Fwp%2Fv2%2Ftags&post=655"}],"curies":[{"name":"wp","href":"https:\/\/api.w.org\/{rel}","templated":true}]}}